{"id":5148,"count":1,"description":"","link":"https:\/\/pdt-rj.org.br\/index.php\/tag\/declaracao-universal-dos-direitos-linguisticos\/","name":"Declara\u00e7\u00e3o Universal dos Direitos Lingu\u00edsticos","slug":"declaracao-universal-dos-direitos-linguisticos","taxonomy":"post_tag","meta":[],"_links":{"self":[{"href":"https:\/\/pdt-rj.org.br\/index.php\/wp-json\/wp\/v2\/tags\/5148","targetHints":{"allow":["GET"]}}],"collection":[{"href":"https:\/\/pdt-rj.org.br\/index.php\/wp-json\/wp\/v2\/tags"}],"about":[{"href":"https:\/\/pdt-rj.org.br\/index.php\/wp-json\/wp\/v2\/taxonomies\/post_tag"}],"wp:post_type":[{"href":"https:\/\/pdt-rj.org.br\/index.php\/wp-json\/wp\/v2\/posts?tags=5148"}],"curies":[{"name":"wp","href":"https:\/\/api.w.org\/{rel}","templated":true}]}}