{"id":4814,"count":1,"description":"","link":"https:\/\/pdt-rj.org.br\/index.php\/tag\/vacinacao-de-profissionais-da-educacao\/","name":"vacina\u00e7\u00e3o de profissionais da educa\u00e7\u00e3o","slug":"vacinacao-de-profissionais-da-educacao","taxonomy":"post_tag","meta":[],"_links":{"self":[{"href":"https:\/\/pdt-rj.org.br\/index.php\/wp-json\/wp\/v2\/tags\/4814","targetHints":{"allow":["GET"]}}],"collection":[{"href":"https:\/\/pdt-rj.org.br\/index.php\/wp-json\/wp\/v2\/tags"}],"about":[{"href":"https:\/\/pdt-rj.org.br\/index.php\/wp-json\/wp\/v2\/taxonomies\/post_tag"}],"wp:post_type":[{"href":"https:\/\/pdt-rj.org.br\/index.php\/wp-json\/wp\/v2\/posts?tags=4814"}],"curies":[{"name":"wp","href":"https:\/\/api.w.org\/{rel}","templated":true}]}}