{"id":4780,"count":1,"description":"","link":"https:\/\/pdt-rj.org.br\/index.php\/tag\/precos-dos-remedios-nao-serao-reajustados\/","name":"pre\u00e7os dos rem\u00e9dios n\u00e3o ser\u00e3o reajustados","slug":"precos-dos-remedios-nao-serao-reajustados","taxonomy":"post_tag","meta":[],"_links":{"self":[{"href":"https:\/\/pdt-rj.org.br\/index.php\/wp-json\/wp\/v2\/tags\/4780","targetHints":{"allow":["GET"]}}],"collection":[{"href":"https:\/\/pdt-rj.org.br\/index.php\/wp-json\/wp\/v2\/tags"}],"about":[{"href":"https:\/\/pdt-rj.org.br\/index.php\/wp-json\/wp\/v2\/taxonomies\/post_tag"}],"wp:post_type":[{"href":"https:\/\/pdt-rj.org.br\/index.php\/wp-json\/wp\/v2\/posts?tags=4780"}],"curies":[{"name":"wp","href":"https:\/\/api.w.org\/{rel}","templated":true}]}}