{"id":4670,"count":1,"description":"","link":"https:\/\/pdt-rj.org.br\/index.php\/tag\/privatizacao-da-caixa-economica-federal\/","name":"privatiza\u00e7\u00e3o da Caixa Econ\u00f4mica Federal","slug":"privatizacao-da-caixa-economica-federal","taxonomy":"post_tag","meta":[],"_links":{"self":[{"href":"https:\/\/pdt-rj.org.br\/index.php\/wp-json\/wp\/v2\/tags\/4670","targetHints":{"allow":["GET"]}}],"collection":[{"href":"https:\/\/pdt-rj.org.br\/index.php\/wp-json\/wp\/v2\/tags"}],"about":[{"href":"https:\/\/pdt-rj.org.br\/index.php\/wp-json\/wp\/v2\/taxonomies\/post_tag"}],"wp:post_type":[{"href":"https:\/\/pdt-rj.org.br\/index.php\/wp-json\/wp\/v2\/posts?tags=4670"}],"curies":[{"name":"wp","href":"https:\/\/api.w.org\/{rel}","templated":true}]}}