{"id":4382,"count":1,"description":"","link":"https:\/\/pdt-rj.org.br\/index.php\/tag\/grupo-prioritario-de-vacinacao-contra-o-covid-19\/","name":"grupo priorit\u00e1rio de vacina\u00e7\u00e3o contra o Covid-19","slug":"grupo-prioritario-de-vacinacao-contra-o-covid-19","taxonomy":"post_tag","meta":[],"_links":{"self":[{"href":"https:\/\/pdt-rj.org.br\/index.php\/wp-json\/wp\/v2\/tags\/4382","targetHints":{"allow":["GET"]}}],"collection":[{"href":"https:\/\/pdt-rj.org.br\/index.php\/wp-json\/wp\/v2\/tags"}],"about":[{"href":"https:\/\/pdt-rj.org.br\/index.php\/wp-json\/wp\/v2\/taxonomies\/post_tag"}],"wp:post_type":[{"href":"https:\/\/pdt-rj.org.br\/index.php\/wp-json\/wp\/v2\/posts?tags=4382"}],"curies":[{"name":"wp","href":"https:\/\/api.w.org\/{rel}","templated":true}]}}