{"id":3811,"count":1,"description":"","link":"https:\/\/pdt-rj.org.br\/index.php\/tag\/sindrome-de-insuficiencia-respiratoria-aguda\/","name":"S\u00edndrome de Insufici\u00eancia Respirat\u00f3ria Aguda","slug":"sindrome-de-insuficiencia-respiratoria-aguda","taxonomy":"post_tag","meta":[],"_links":{"self":[{"href":"https:\/\/pdt-rj.org.br\/index.php\/wp-json\/wp\/v2\/tags\/3811","targetHints":{"allow":["GET"]}}],"collection":[{"href":"https:\/\/pdt-rj.org.br\/index.php\/wp-json\/wp\/v2\/tags"}],"about":[{"href":"https:\/\/pdt-rj.org.br\/index.php\/wp-json\/wp\/v2\/taxonomies\/post_tag"}],"wp:post_type":[{"href":"https:\/\/pdt-rj.org.br\/index.php\/wp-json\/wp\/v2\/posts?tags=3811"}],"curies":[{"name":"wp","href":"https:\/\/api.w.org\/{rel}","templated":true}]}}