{"id":3502,"count":2,"description":"","link":"https:\/\/pdt-rj.org.br\/index.php\/tag\/lider-da-oposicao\/","name":"l\u00edder da oposi\u00e7\u00e3o","slug":"lider-da-oposicao","taxonomy":"post_tag","meta":[],"_links":{"self":[{"href":"https:\/\/pdt-rj.org.br\/index.php\/wp-json\/wp\/v2\/tags\/3502","targetHints":{"allow":["GET"]}}],"collection":[{"href":"https:\/\/pdt-rj.org.br\/index.php\/wp-json\/wp\/v2\/tags"}],"about":[{"href":"https:\/\/pdt-rj.org.br\/index.php\/wp-json\/wp\/v2\/taxonomies\/post_tag"}],"wp:post_type":[{"href":"https:\/\/pdt-rj.org.br\/index.php\/wp-json\/wp\/v2\/posts?tags=3502"}],"curies":[{"name":"wp","href":"https:\/\/api.w.org\/{rel}","templated":true}]}}