{"id":3027,"count":1,"description":"","link":"https:\/\/pdt-rj.org.br\/index.php\/tag\/federacao-das-associacoes-das-radios-comunitarias-do-estado-do-tocantins\/","name":"Federa\u00e7\u00e3o das Associa\u00e7\u00f5es das R\u00e1dios Comunit\u00e1rias do Estado do Tocantins","slug":"federacao-das-associacoes-das-radios-comunitarias-do-estado-do-tocantins","taxonomy":"post_tag","meta":[],"_links":{"self":[{"href":"https:\/\/pdt-rj.org.br\/index.php\/wp-json\/wp\/v2\/tags\/3027","targetHints":{"allow":["GET"]}}],"collection":[{"href":"https:\/\/pdt-rj.org.br\/index.php\/wp-json\/wp\/v2\/tags"}],"about":[{"href":"https:\/\/pdt-rj.org.br\/index.php\/wp-json\/wp\/v2\/taxonomies\/post_tag"}],"wp:post_type":[{"href":"https:\/\/pdt-rj.org.br\/index.php\/wp-json\/wp\/v2\/posts?tags=3027"}],"curies":[{"name":"wp","href":"https:\/\/api.w.org\/{rel}","templated":true}]}}