{"id":2593,"count":1,"description":"","link":"https:\/\/pdt-rj.org.br\/index.php\/tag\/dia-nacional-de-prevencao-e-combate-a-depressao\/","name":"Dia Nacional de Preven\u00e7\u00e3o e Combate \u00e0 Depress\u00e3o","slug":"dia-nacional-de-prevencao-e-combate-a-depressao","taxonomy":"post_tag","meta":[],"_links":{"self":[{"href":"https:\/\/pdt-rj.org.br\/index.php\/wp-json\/wp\/v2\/tags\/2593","targetHints":{"allow":["GET"]}}],"collection":[{"href":"https:\/\/pdt-rj.org.br\/index.php\/wp-json\/wp\/v2\/tags"}],"about":[{"href":"https:\/\/pdt-rj.org.br\/index.php\/wp-json\/wp\/v2\/taxonomies\/post_tag"}],"wp:post_type":[{"href":"https:\/\/pdt-rj.org.br\/index.php\/wp-json\/wp\/v2\/posts?tags=2593"}],"curies":[{"name":"wp","href":"https:\/\/api.w.org\/{rel}","templated":true}]}}