{"id":84860,"date":"2026-08-28T07:09:41","date_gmt":"2026-08-28T10:09:41","guid":{"rendered":"https:\/\/pdt-rj.org.br\/?p=84860"},"modified":"2026-08-29T07:18:10","modified_gmt":"2026-08-29T10:18:10","slug":"pdt-inaugura-sede-em-volta-redonda-com-carlos-lupi-martha-rocha-e-leo-lupi","status":"publish","type":"post","link":"https:\/\/pdt-rj.org.br\/index.php\/pdt-inaugura-sede-em-volta-redonda-com-carlos-lupi-martha-rocha-e-leo-lupi\/","title":{"rendered":"PDT inaugura sede em Volta Redonda com Carlos Lupi, Martha Rocha e Leo Lupi"},"content":{"rendered":"<p><strong>Ato fortalece processo de reestrutura\u00e7\u00e3o do partido no munic\u00edpio do Sul Fluminense<\/strong><\/p>\n<p>O PDT inaugurou, nesta sexta-feira (28), a nova sede em Volta Redonda. A solenidade reuniu filiados, apoiadores e lideran\u00e7as municipais, estaduais e nacionais da legenda, entre elas o presidente nacional do partido, Carlos Lupi, a deputada estadual e candidata a federal Marta Rocha e o candidato a estadual Leo Lupi.<\/p>\n<p>O espa\u00e7o, localizado na Avenida Gustavo Lira, n\u00ba 251, funcionar\u00e1 como ponto de encontro para filiados e apoiadores, al\u00e9m de receber reuni\u00f5es, debates e atividades de forma\u00e7\u00e3o pol\u00edtica. A estrutura tamb\u00e9m foi apresentada como uma forma de ampliar a aproxima\u00e7\u00e3o do partido com moradores e diferentes setores da sociedade.<\/p>\n<p>Durante a solenidade, Carlos Lupi destacou a import\u00e2ncia da presen\u00e7a do partido nos munic\u00edpios e da participa\u00e7\u00e3o pol\u00edtica local.<\/p>\n<p>\u201cUm partido forte precisa estar presente nos munic\u00edpios, pr\u00f3ximo das pessoas e preparado para os desafios do futuro. Essa sede representa organiza\u00e7\u00e3o, participa\u00e7\u00e3o e compromisso. Volta Redonda \u00e9 uma cidade importante e o PDT precisa estar cada vez mais presente aqui\u201d, declarou.<\/p>\n<p>Presidente municipal do PDT, Odair Mariano afirmou que a inaugura\u00e7\u00e3o representa uma nova etapa para a legenda em Volta Redonda.<\/p>\n<p>\u201cEstamos entregando uma sede que ser\u00e1 a casa do PDT e um espa\u00e7o aberto para o di\u00e1logo com a popula\u00e7\u00e3o. Queremos um partido cada vez mais forte, organizado e presente nas ruas, ouvindo as demandas dos trabalhadores e da sociedade. A presen\u00e7a de grandes lideran\u00e7as do nosso partido torna esse momento ainda mais especial\u201d, afirmou.<\/p>\n<!-- AddThis Advanced Settings generic via filter on the_content --><!-- AddThis Share Buttons generic via filter on the_content -->","protected":false},"excerpt":{"rendered":"<p>Ato fortalece processo de reestrutura\u00e7\u00e3o do partido no munic\u00edpio do Sul Fluminense O PDT inaugurou, nesta sexta-feira (28), a nova sede em Volta Redonda. A solenidade reuniu filiados, apoiadores e lideran\u00e7as municipais, estaduais e nacionais da legenda, entre elas o presidente nacional do partido, Carlos Lupi, a deputada estadual e candidata a federal Marta Rocha&#8230;<!-- AddThis Advanced Settings generic via filter on wp_trim_excerpt --><!-- AddThis Share Buttons generic via filter on wp_trim_excerpt --><\/p>\n","protected":false},"author":17,"featured_media":84861,"comment_status":"closed","ping_status":"closed","sticky":false,"template":"","format":"standard","meta":{"_monsterinsights_skip_tracking":false,"_uf_show_specific_survey":0,"_uf_disable_surveys":false,"footnotes":""},"categories":[1402,975],"tags":[],"class_list":["post-84860","post","type-post","status-publish","format-standard","has-post-thumbnail","hentry","category-cidades","category-manchete"],"acf":[],"_links":{"self":[{"href":"https:\/\/pdt-rj.org.br\/index.php\/wp-json\/wp\/v2\/posts\/84860","targetHints":{"allow":["GET"]}}],"collection":[{"href":"https:\/\/pdt-rj.org.br\/index.php\/wp-json\/wp\/v2\/posts"}],"about":[{"href":"https:\/\/pdt-rj.org.br\/index.php\/wp-json\/wp\/v2\/types\/post"}],"author":[{"embeddable":true,"href":"https:\/\/pdt-rj.org.br\/index.php\/wp-json\/wp\/v2\/users\/17"}],"replies":[{"embeddable":true,"href":"https:\/\/pdt-rj.org.br\/index.php\/wp-json\/wp\/v2\/comments?post=84860"}],"version-history":[{"count":1,"href":"https:\/\/pdt-rj.org.br\/index.php\/wp-json\/wp\/v2\/posts\/84860\/revisions"}],"predecessor-version":[{"id":84862,"href":"https:\/\/pdt-rj.org.br\/index.php\/wp-json\/wp\/v2\/posts\/84860\/revisions\/84862"}],"wp:featuredmedia":[{"embeddable":true,"href":"https:\/\/pdt-rj.org.br\/index.php\/wp-json\/wp\/v2\/media\/84861"}],"wp:attachment":[{"href":"https:\/\/pdt-rj.org.br\/index.php\/wp-json\/wp\/v2\/media?parent=84860"}],"wp:term":[{"taxonomy":"category","embeddable":true,"href":"https:\/\/pdt-rj.org.br\/index.php\/wp-json\/wp\/v2\/categories?post=84860"},{"taxonomy":"post_tag","embeddable":true,"href":"https:\/\/pdt-rj.org.br\/index.php\/wp-json\/wp\/v2\/tags?post=84860"}],"curies":[{"name":"wp","href":"https:\/\/api.w.org\/{rel}","templated":true}]}}