{"id":84626,"date":"2026-04-27T12:00:20","date_gmt":"2026-04-27T15:00:20","guid":{"rendered":"https:\/\/pdt-rj.org.br\/?p=84626"},"modified":"2026-04-27T12:17:36","modified_gmt":"2026-04-27T15:17:36","slug":"amt-carioca-lanca-cartilha-mulher-e-trabalhismo-em-junho","status":"publish","type":"post","link":"https:\/\/pdt-rj.org.br\/index.php\/amt-carioca-lanca-cartilha-mulher-e-trabalhismo-em-junho\/","title":{"rendered":"AMT Carioca lan\u00e7a cartilha \u201cMulher e Trabalhismo\u201d em junho"},"content":{"rendered":"<p><strong>AMT Carioca lan\u00e7a cartilha \u201cMulher e Trabalhismo\u201d em junho <\/strong><\/p>\n<p><strong>Com pref\u00e1cio da deputada Martha Rocha, a publica\u00e7\u00e3o destaca o processo de forma\u00e7\u00e3o do movimento <\/strong><\/p>\n<p>A A\u00e7\u00e3o da Mulher Trabalhista do munic\u00edpio do Rio de Janeiro (AMT-Carioca) lan\u00e7ar\u00e1 a cartilha \u201cMulher e Trabalhismo\u201d no dia 11 de junho, \u00e0s 18h, no audit\u00f3rio da sede estadual, no Centro da capital. Com pref\u00e1cio da presidente estadual em exerc\u00edcio, deputada Martha Rocha, a publica\u00e7\u00e3o destaca o processo de forma\u00e7\u00e3o realizado pelo movimento.<\/p>\n<p>Baseado no conte\u00fado do curso de forma\u00e7\u00e3o pol\u00edtica, a cartilha, que ser\u00e1 disponibilizada nas vers\u00f5es impressa e digital, \u00e9 dividida em cap\u00edtulos que permitem o conhecimento e a valoriza\u00e7\u00e3o da participa\u00e7\u00e3o das mulheres trabalhistas na pol\u00edtica.<\/p>\n<p>Para a presidente municipal da AMT Carioca, Maria Jos\u00e9 Eg\u00eddio, o projeto estimula o engajamento das militantes a partir do legado do Trabalhismo no Brasil.<\/p>\n<p>\u201cIncentivamos outras mulheres a conhecer e desejar uma participa\u00e7\u00e3o ativa na pol\u00edtica, a partir da AMT e do PDT\u201d, destacou.<\/p>\n<!-- AddThis Advanced Settings generic via filter on the_content --><!-- AddThis Share Buttons generic via filter on the_content -->","protected":false},"excerpt":{"rendered":"<p>AMT Carioca lan\u00e7a cartilha \u201cMulher e Trabalhismo\u201d em junho Com pref\u00e1cio da deputada Martha Rocha, a publica\u00e7\u00e3o destaca o processo de forma\u00e7\u00e3o do movimento A A\u00e7\u00e3o da Mulher Trabalhista do munic\u00edpio do Rio de Janeiro (AMT-Carioca) lan\u00e7ar\u00e1 a cartilha \u201cMulher e Trabalhismo\u201d no dia 11 de junho, \u00e0s 18h, no audit\u00f3rio da sede estadual, no&#8230;<!-- AddThis Advanced Settings generic via filter on wp_trim_excerpt --><!-- AddThis Share Buttons generic via filter on wp_trim_excerpt --><\/p>\n","protected":false},"author":17,"featured_media":84627,"comment_status":"closed","ping_status":"closed","sticky":false,"template":"","format":"standard","meta":{"_monsterinsights_skip_tracking":false,"_monsterinsights_sitenote_active":false,"_monsterinsights_sitenote_note":"","_monsterinsights_sitenote_category":0,"_uf_show_specific_survey":0,"_uf_disable_surveys":false,"footnotes":""},"categories":[1402,976],"tags":[],"class_list":["post-84626","post","type-post","status-publish","format-standard","has-post-thumbnail","hentry","category-cidades","category-noticias-em-destaque"],"acf":[],"_links":{"self":[{"href":"https:\/\/pdt-rj.org.br\/index.php\/wp-json\/wp\/v2\/posts\/84626","targetHints":{"allow":["GET"]}}],"collection":[{"href":"https:\/\/pdt-rj.org.br\/index.php\/wp-json\/wp\/v2\/posts"}],"about":[{"href":"https:\/\/pdt-rj.org.br\/index.php\/wp-json\/wp\/v2\/types\/post"}],"author":[{"embeddable":true,"href":"https:\/\/pdt-rj.org.br\/index.php\/wp-json\/wp\/v2\/users\/17"}],"replies":[{"embeddable":true,"href":"https:\/\/pdt-rj.org.br\/index.php\/wp-json\/wp\/v2\/comments?post=84626"}],"version-history":[{"count":2,"href":"https:\/\/pdt-rj.org.br\/index.php\/wp-json\/wp\/v2\/posts\/84626\/revisions"}],"predecessor-version":[{"id":84629,"href":"https:\/\/pdt-rj.org.br\/index.php\/wp-json\/wp\/v2\/posts\/84626\/revisions\/84629"}],"wp:featuredmedia":[{"embeddable":true,"href":"https:\/\/pdt-rj.org.br\/index.php\/wp-json\/wp\/v2\/media\/84627"}],"wp:attachment":[{"href":"https:\/\/pdt-rj.org.br\/index.php\/wp-json\/wp\/v2\/media?parent=84626"}],"wp:term":[{"taxonomy":"category","embeddable":true,"href":"https:\/\/pdt-rj.org.br\/index.php\/wp-json\/wp\/v2\/categories?post=84626"},{"taxonomy":"post_tag","embeddable":true,"href":"https:\/\/pdt-rj.org.br\/index.php\/wp-json\/wp\/v2\/tags?post=84626"}],"curies":[{"name":"wp","href":"https:\/\/api.w.org\/{rel}","templated":true}]}}