{"id":84622,"date":"2026-04-23T11:29:44","date_gmt":"2026-04-23T14:29:44","guid":{"rendered":"https:\/\/pdt-rj.org.br\/?p=84622"},"modified":"2026-04-23T11:32:37","modified_gmt":"2026-04-23T14:32:37","slug":"o-ciclo-da-invisibilidade-cotidiano-da-opressao-nas-comunidades-do-rio-por-carlo-simi","status":"publish","type":"post","link":"https:\/\/pdt-rj.org.br\/index.php\/o-ciclo-da-invisibilidade-cotidiano-da-opressao-nas-comunidades-do-rio-por-carlo-simi\/","title":{"rendered":"O ciclo da invisibilidade: cotidiano da opress\u00e3o nas comunidades do Rio &#8211; Por Carlo Simi"},"content":{"rendered":"<p><strong>Onde o Estado se retira ou entra apenas pela via do confronto, o crime organizado \u00a0estabelece um &#8220;Estado paralelo&#8221;<\/strong><\/p>\n<p style=\"font-weight: 400;\">Viver em uma comunidade carente no Rio de Janeiro n\u00e3o \u00e9 apenas enfrentar a escassez de recursos; \u00e9 sobreviver sob um estado de vigil\u00e2ncia constante e soberania fragmentada.<\/p>\n<p style=\"font-weight: 400;\">Onde o Estado se retira ou entra apenas pela via do confronto, o crime organizado \u2014 seja atrav\u00e9s do tr\u00e1fico ou da mil\u00edcia \u2014 estabelece um &#8220;Estado paralelo&#8221; que dita as regras do nascimento \u00e0 morte.<\/p>\n<p style=\"font-weight: 400;\">A Geopol\u00edtica do Medo e a Economia do Crime<\/p>\n<p style=\"font-weight: 400;\">Para o morador, a liberdade \u00e9 uma ilus\u00e3o cerceada por taxas e monop\u00f3lios. A realidade financeira, j\u00e1 castigada por baixos sal\u00e1rios, \u00e9 asfixiada pela extors\u00e3o institucionalizada:<\/p>\n<p style=\"font-weight: 400;\">Monop\u00f3lios de Consumo:<\/p>\n<p style=\"font-weight: 400;\">Servi\u00e7os b\u00e1sicos como internet, g\u00e1s e TV a cabo s\u00e3o vendidos exclusivamente por grupos criminosos a pre\u00e7os arbitr\u00e1rios.<\/p>\n<p style=\"font-weight: 400;\">O Ped\u00e1gio do Trabalho:<\/p>\n<p style=\"font-weight: 400;\">Pequenos comerciantes, que s\u00e3o o motor econ\u00f4mico da comunidade, pagam taxas de &#8220;seguran\u00e7a&#8221; para manter suas portas abertas.<\/p>\n<p style=\"font-weight: 400;\">Voto de Cabresto Moderno:<\/p>\n<p style=\"font-weight: 400;\">Em anos eleitorais, a democracia \u00e9 sequestrada.<\/p>\n<p style=\"font-weight: 400;\">Candidatos dependem do aval do crime para entrar, e o morador, sob amea\u00e7a, torna-se uma pe\u00e7a em uma estrat\u00e9gia de confer\u00eancia de votos que alimenta a influ\u00eancia do crime no Legislativo e no Executivo.<\/p>\n<p style=\"font-weight: 400;\">A Juventude no Alvo:<\/p>\n<p style=\"font-weight: 400;\">O V\u00e1cuo da Aus\u00eancia<\/p>\n<p style=\"font-weight: 400;\">O sofrimento \u00e9 geracional. A estrutura familiar \u00e9 testada por jornadas de trabalho exaustivas. Quando o deslocamento e a carga hor\u00e1ria consomem mais de 12 horas do dia, os jovens ficam \u00e0 merc\u00ea das ruas.<\/p>\n<p style=\"font-weight: 400;\">Educa\u00e7\u00e3o Incompleta:<\/p>\n<p style=\"font-weight: 400;\">O sistema atual &#8220;administra a desigualdade&#8221; em vez de combat\u00ea-la. A falta de ensino integral, com atividades diversificadas e nutri\u00e7\u00e3o adequada, deixa crian\u00e7as vulner\u00e1veis ao ass\u00e9dio do ganho f\u00e1cil.<\/p>\n<p style=\"font-weight: 400;\">O Sedutor &#8220;Lucro&#8221; Imediato:<\/p>\n<p style=\"font-weight: 400;\">Sem perspectivas reais e diante de uma educa\u00e7\u00e3o fracassada, o crime apresenta-se como uma carreira de ascens\u00e3o social r\u00e1pida, embora quase sempre culmine em pris\u00e3o ou morte precoce.<\/p>\n<p style=\"font-weight: 400;\">Seguran\u00e7a P\u00fablica: Entre o &#8220;Enxuga Gelo&#8221; e o Colarinho Branco<\/p>\n<p style=\"font-weight: 400;\">A pol\u00edtica de seguran\u00e7a atual prioriza o confronto direto em \u00e1reas densamente povoadas. Essa estrat\u00e9gia de invas\u00e3o resulta em um rastro de traumas: tiroteios constantes, escolas fechadas e a morte de inocentes \u2014 de crian\u00e7as a idosos.<\/p>\n<p style=\"font-weight: 400;\">Por que invadir em vez de bloquear?<\/p>\n<p style=\"font-weight: 400;\">A pergunta que ecoa nas vielas \u00e9: por que a estrat\u00e9gia foca no &#8220;ponta da linha&#8221; (o jovem na favela) e n\u00e3o na interrup\u00e7\u00e3o do fluxo de armas e drogas nas fronteiras e portos?<\/p>\n<p style=\"font-weight: 400;\">A resposta parece residir na complexa rede de corrup\u00e7\u00e3o que une o crime de rua ao crime de colarinho branco.<\/p>\n<p style=\"font-weight: 400;\">Interesses Pol\u00edticos e Financeiros:<\/p>\n<p style=\"font-weight: 400;\">Manter o caos nas comunidades muitas vezes serve como cortina de fuma\u00e7a ou ferramenta de controle populacional.<\/p>\n<p style=\"font-weight: 400;\">O Poder do Capital:<\/p>\n<p style=\"font-weight: 400;\">Grandes fornecedores de armas e financiadores do tr\u00e1fico raramente s\u00e3o os alvos das opera\u00e7\u00f5es. A pol\u00edtica de &#8220;enxuga gelo&#8221; mant\u00e9m a engrenagem girando sem nunca amea\u00e7ar os verdadeiros bar\u00f5es do crime que operam fora da periferia.<\/p>\n<p style=\"font-weight: 400;\">A Urg\u00eancia da Mudan\u00e7a<\/p>\n<p style=\"font-weight: 400;\">Para romper esse ciclo, a transi\u00e7\u00e3o de uma pol\u00edtica de morte para uma pol\u00edtica de vida \u00e9 imperativa.<\/p>\n<p style=\"font-weight: 400;\">Isso exige:<\/p>\n<p style=\"font-weight: 400;\">Educa\u00e7\u00e3o Integral Real:<\/p>\n<p style=\"font-weight: 400;\">Retirar o jovem \u00a0da rua com dignidade, cidadania e tr\u00eas refei\u00e7\u00f5es.<\/p>\n<p style=\"font-weight: 400;\">Seguran\u00e7a de Intelig\u00eancia:<\/p>\n<p style=\"font-weight: 400;\">Focar no asfixiamento financeiro do crime e no bloqueio de armamentos pesados, em vez de tiroteios em hor\u00e1rios escolares.<\/p>\n<p style=\"font-weight: 400;\">Presen\u00e7a do Estado Social:<\/p>\n<p style=\"font-weight: 400;\">Saneamento, habita\u00e7\u00e3o e sa\u00fade que cheguem antes da pol\u00edcia.<\/p>\n<p style=\"font-weight: 400;\">Enquanto a seguran\u00e7a for vista apenas como incurs\u00e3o armada, a comunidade continuar\u00e1 sendo o cen\u00e1rio de uma guerra onde o trabalhador \u00e9 quem paga o pre\u00e7o mais alto, seja com seu dinheiro, sua liberdade ou sua pr\u00f3pria vida.<\/p>\n<p style=\"font-weight: 400;\"><strong><em>Carlo Simi \u00e9 matem\u00e1tico, professor e servidor p\u00fablico.<\/em><\/strong><\/p>\n<!-- AddThis Advanced Settings generic via filter on the_content --><!-- AddThis Share Buttons generic via filter on the_content -->","protected":false},"excerpt":{"rendered":"<p>Onde o Estado se retira ou entra apenas pela via do confronto, o crime organizado \u00a0estabelece um &#8220;Estado paralelo&#8221; Viver em uma comunidade carente no Rio de Janeiro n\u00e3o \u00e9 apenas enfrentar a escassez de recursos; \u00e9 sobreviver sob um estado de vigil\u00e2ncia constante e soberania fragmentada. Onde o Estado se retira ou entra apenas&#8230;<!-- AddThis Advanced Settings generic via filter on wp_trim_excerpt --><!-- AddThis Share Buttons generic via filter on wp_trim_excerpt --><\/p>\n","protected":false},"author":17,"featured_media":84623,"comment_status":"closed","ping_status":"closed","sticky":false,"template":"","format":"standard","meta":{"_monsterinsights_skip_tracking":false,"_monsterinsights_sitenote_active":false,"_monsterinsights_sitenote_note":"","_monsterinsights_sitenote_category":0,"_uf_show_specific_survey":0,"_uf_disable_surveys":false,"footnotes":""},"categories":[1584,1390],"tags":[],"class_list":["post-84622","post","type-post","status-publish","format-standard","has-post-thumbnail","hentry","category-artigos","category-editorias"],"acf":[],"_links":{"self":[{"href":"https:\/\/pdt-rj.org.br\/index.php\/wp-json\/wp\/v2\/posts\/84622","targetHints":{"allow":["GET"]}}],"collection":[{"href":"https:\/\/pdt-rj.org.br\/index.php\/wp-json\/wp\/v2\/posts"}],"about":[{"href":"https:\/\/pdt-rj.org.br\/index.php\/wp-json\/wp\/v2\/types\/post"}],"author":[{"embeddable":true,"href":"https:\/\/pdt-rj.org.br\/index.php\/wp-json\/wp\/v2\/users\/17"}],"replies":[{"embeddable":true,"href":"https:\/\/pdt-rj.org.br\/index.php\/wp-json\/wp\/v2\/comments?post=84622"}],"version-history":[{"count":2,"href":"https:\/\/pdt-rj.org.br\/index.php\/wp-json\/wp\/v2\/posts\/84622\/revisions"}],"predecessor-version":[{"id":84625,"href":"https:\/\/pdt-rj.org.br\/index.php\/wp-json\/wp\/v2\/posts\/84622\/revisions\/84625"}],"wp:featuredmedia":[{"embeddable":true,"href":"https:\/\/pdt-rj.org.br\/index.php\/wp-json\/wp\/v2\/media\/84623"}],"wp:attachment":[{"href":"https:\/\/pdt-rj.org.br\/index.php\/wp-json\/wp\/v2\/media?parent=84622"}],"wp:term":[{"taxonomy":"category","embeddable":true,"href":"https:\/\/pdt-rj.org.br\/index.php\/wp-json\/wp\/v2\/categories?post=84622"},{"taxonomy":"post_tag","embeddable":true,"href":"https:\/\/pdt-rj.org.br\/index.php\/wp-json\/wp\/v2\/tags?post=84622"}],"curies":[{"name":"wp","href":"https:\/\/api.w.org\/{rel}","templated":true}]}}