{"id":84619,"date":"2026-04-22T12:30:38","date_gmt":"2026-04-22T15:30:38","guid":{"rendered":"https:\/\/pdt-rj.org.br\/?p=84619"},"modified":"2026-04-22T12:30:38","modified_gmt":"2026-04-22T15:30:38","slug":"daniel-albuquerque-assume-coordenacao-do-centro-de-memoria-trabalhista-no-rio-de-janeiro","status":"publish","type":"post","link":"https:\/\/pdt-rj.org.br\/index.php\/daniel-albuquerque-assume-coordenacao-do-centro-de-memoria-trabalhista-no-rio-de-janeiro\/","title":{"rendered":"Daniel Albuquerque assume Coordena\u00e7\u00e3o do Centro de Mem\u00f3ria Trabalhista no Rio de Janeiro"},"content":{"rendered":"<p><strong>Planejamento integrado inclui lan\u00e7amento da cartilha sobre o ex-governador Roberto Silveira<\/strong><\/p>\n<p>O secret\u00e1rio-geral nacional do n\u00facleo de base A\u00e7\u00e3o Popular Revolucion\u00e1ria (APR), Daniel Albuquerque, assumiu a coordena\u00e7\u00e3o do Centro de Mem\u00f3ria Trabalhista (CMT) no Rio de Janeiro. A nomea\u00e7\u00e3o foi definida, no \u00faltimo s\u00e1bado (18), durante reuni\u00e3o com o presidente municipal do PDT no Rio e vice-presidente da Funda\u00e7\u00e3o Leonel Brizola \u2013 Alberto Pasqualini (FLB-AP), Leo Lupi, e o coordenador nacional do CMT, Henrique Matthiesen.<\/p>\n<p>Entre as prioridades do planejamento integrado com o partido, a organiza\u00e7\u00e3o dos materiais hist\u00f3ricos relacionados ao Trabalhismo no estado, bem como o lan\u00e7amento da cartilha sobre o ex-governador Roberto Silveira.<\/p>\n<p>\u201cO companheiro Daniel Albuquerque vem somar esfor\u00e7os, junto ao trabalho j\u00e1 desenvolvido pelo Henrique Matthiesen em Bras\u00edlia, na preserva\u00e7\u00e3o da mem\u00f3ria e acervo do trabalhismo brasileiro. A cartilha sobre o ex-governador Roberto Silveira, fruto de um trabalho minucioso de ambos, \u00e9 um importante resgate do legado deixado pelo PTB\/PDT para o Rio de Janeiro e Niter\u00f3i\u201d, afirmou Leo Lupi.<\/p>\n<p>\u201cO Trabalhismo fluminense tem uma densidade muito expressiva, com \u00edcones como Leonel Brizola e Roberto Silveira, que recebeu essa homenagem no projeto Mem\u00f3rias Trabalhistas. A coordena\u00e7\u00e3o, criada de forma excepcional, \u00e9 um projeto conjunto que potencializar\u00e1 a valoriza\u00e7\u00e3o da nossa hist\u00f3ria no estado\u201d, acrescentou Henrique Matthiesen.<\/p>\n<p>Para Daniel Albuquerque, o CMT \u00e9 o principal polo de produ\u00e7\u00e3o de conhecimento e defesa da mem\u00f3ria voltado especialmente para nossa cultura pol\u00edtica\u201d.<\/p>\n<p>\u201cTenho, portanto, muito orgulho por agora representar o CMT no RJ e estou animado e motivado para intensificar a luta contra o apagamento hist\u00f3rico de nossas lideran\u00e7as\u201d, disse.<\/p>\n<!-- AddThis Advanced Settings generic via filter on the_content --><!-- AddThis Share Buttons generic via filter on the_content -->","protected":false},"excerpt":{"rendered":"<p>Planejamento integrado inclui lan\u00e7amento da cartilha sobre o ex-governador Roberto Silveira O secret\u00e1rio-geral nacional do n\u00facleo de base A\u00e7\u00e3o Popular Revolucion\u00e1ria (APR), Daniel Albuquerque, assumiu a coordena\u00e7\u00e3o do Centro de Mem\u00f3ria Trabalhista (CMT) no Rio de Janeiro. A nomea\u00e7\u00e3o foi definida, no \u00faltimo s\u00e1bado (18), durante reuni\u00e3o com o presidente municipal do PDT no Rio&#8230;<!-- AddThis Advanced Settings generic via filter on wp_trim_excerpt --><!-- AddThis Share Buttons generic via filter on wp_trim_excerpt --><\/p>\n","protected":false},"author":17,"featured_media":84620,"comment_status":"closed","ping_status":"closed","sticky":false,"template":"","format":"standard","meta":{"_monsterinsights_skip_tracking":false,"_monsterinsights_sitenote_active":false,"_monsterinsights_sitenote_note":"","_monsterinsights_sitenote_category":0,"_uf_show_specific_survey":0,"_uf_disable_surveys":false,"footnotes":""},"categories":[1390,5414],"tags":[],"class_list":["post-84619","post","type-post","status-publish","format-standard","has-post-thumbnail","hentry","category-editorias","category-estado"],"acf":[],"_links":{"self":[{"href":"https:\/\/pdt-rj.org.br\/index.php\/wp-json\/wp\/v2\/posts\/84619","targetHints":{"allow":["GET"]}}],"collection":[{"href":"https:\/\/pdt-rj.org.br\/index.php\/wp-json\/wp\/v2\/posts"}],"about":[{"href":"https:\/\/pdt-rj.org.br\/index.php\/wp-json\/wp\/v2\/types\/post"}],"author":[{"embeddable":true,"href":"https:\/\/pdt-rj.org.br\/index.php\/wp-json\/wp\/v2\/users\/17"}],"replies":[{"embeddable":true,"href":"https:\/\/pdt-rj.org.br\/index.php\/wp-json\/wp\/v2\/comments?post=84619"}],"version-history":[{"count":1,"href":"https:\/\/pdt-rj.org.br\/index.php\/wp-json\/wp\/v2\/posts\/84619\/revisions"}],"predecessor-version":[{"id":84621,"href":"https:\/\/pdt-rj.org.br\/index.php\/wp-json\/wp\/v2\/posts\/84619\/revisions\/84621"}],"wp:featuredmedia":[{"embeddable":true,"href":"https:\/\/pdt-rj.org.br\/index.php\/wp-json\/wp\/v2\/media\/84620"}],"wp:attachment":[{"href":"https:\/\/pdt-rj.org.br\/index.php\/wp-json\/wp\/v2\/media?parent=84619"}],"wp:term":[{"taxonomy":"category","embeddable":true,"href":"https:\/\/pdt-rj.org.br\/index.php\/wp-json\/wp\/v2\/categories?post=84619"},{"taxonomy":"post_tag","embeddable":true,"href":"https:\/\/pdt-rj.org.br\/index.php\/wp-json\/wp\/v2\/tags?post=84619"}],"curies":[{"name":"wp","href":"https:\/\/api.w.org\/{rel}","templated":true}]}}