{"id":84615,"date":"2026-04-20T20:05:25","date_gmt":"2026-04-20T23:05:25","guid":{"rendered":"https:\/\/pdt-rj.org.br\/?p=84615"},"modified":"2026-04-20T20:05:25","modified_gmt":"2026-04-20T23:05:25","slug":"brasil-condena-avanco-do-intervencionismo-armamentista-de-donald-trump","status":"publish","type":"post","link":"https:\/\/pdt-rj.org.br\/index.php\/brasil-condena-avanco-do-intervencionismo-armamentista-de-donald-trump\/","title":{"rendered":"Brasil condena avan\u00e7o do intervencionismo armamentista de Donald Trump"},"content":{"rendered":"<p><em><strong>Lula e Lupi alertam que pol\u00edticas norte-americanas gera escalada do extremismo<\/strong><\/em><\/p>\n<p>L\u00edderes brasileiros condenaram, neste s\u00e1bado (18), o avan\u00e7o das pol\u00edticas intervencionistas e armamentistas implementadas pelo presidente dos Estados Unidos, Donald Trump, ao longo dos \u00faltimos anos. O presidente da Rep\u00fablica, Luiz In\u00e1cio Lula da Silva, e o presidente do PDT e vice-presidente da Internacional Socialista (IS), Carlos Lupi, participaram do f\u00f3rum \u201cMobiliza\u00e7\u00e3o Progressista Global\u201d, em Barcelona, na Espanha.<\/p>\n<p>Ao criticar os gastos superiores a US$ 2,7 trilh\u00f5es\u00a0em armas e a falta de amplia\u00e7\u00e3o de incentivos para o combate \u00e0 fome, Lula condenou as pol\u00edticas intervencionistas e enfatizou a atua\u00e7\u00e3o dos poderes democr\u00e1ticos brasileiros contra o extremismo.<\/p>\n<p>\u201cNenhum presidente de nenhum pa\u00eds do mundo, por maior que seja, tem o direito de ficar impondo regras a outros pa\u00edses. Nenhum. (\u2026) N\u00f3s n\u00e3o podemos levantar todo dia de manh\u00e3 e dormir todo dia \u00e0 noite, sabe, com um Twitter de um presidente da Rep\u00fablica amea\u00e7ando o mundo, fazendo guerra\u201d, relatou.<\/p>\n<p>\u201cNo meu Brasil, n\u00f3s acabamos de derrotar o extremismo. N\u00f3s temos um ex-presidente preso, condenado a 27 anos de cadeia. N\u00f3s temos quatro generais de quatro estrelas presos porque tentaram dar um golpe. Mas o extremismo n\u00e3o acabou. Ele continua vivo e vai disputar elei\u00e7\u00e3o outra vez. Mas este \u00e9 um problema nosso, \u00e9 um problema do povo brasileiro. Este a gente lida com as nossas for\u00e7as e com as nossas armas l\u00e1 dentro\u201d, completou.<\/p>\n<p>Valorizando a atua\u00e7\u00e3o do primeiro-ministro da Espanha e da IS, Pedro S\u00e1nchez, que proibiu o uso de instala\u00e7\u00f5es militares locais por militares norte-americanos durante os ataques contra o Ir\u00e3, Lupi disse que as for\u00e7as democr\u00e1ticas globais precisam estar unidas e alinhadas para impedir que movimentos antidemocr\u00e1ticos prosperem nos continentes.<\/p>\n<p>\u201cA mobiliza\u00e7\u00e3o progressista, na Espanha, \u00e9 um passo decisivo para que seja criada um esfor\u00e7o mundial em prol da defesa dos princ\u00edpios democr\u00e1ticos e da autodetermina\u00e7\u00e3o dos povos. N\u00e3o podemos aceitar que projetos de ditadores prosperem e coloquem o futuro das pr\u00f3ximas gera\u00e7\u00f5es em risco. O momento exige responsabilidade e pleno comprometimento de todos\u201d, disse.<\/p>\n<p>Ao citar a alian\u00e7a estrat\u00e9gica do PDT com o PT em estados decisivos para a reelei\u00e7\u00e3o do presidente, como o Rio Grande do Sul e Paran\u00e1, Lupi refor\u00e7ou o compromisso do Trabalhismo de enfrentar e vencer a extrema direita.<\/p>\n<p>\u201cEm momentos hist\u00f3ricos da pol\u00edtica brasileira, os trabalhistas, como Leonel Brizola e Jo\u00e3o Goulart, mostraram compromisso democr\u00e1tico e esp\u00edrito patri\u00f3tico para enfrentar reincidentes atentados contra a na\u00e7\u00e3o. Hoje, seguimos com o mesmo engajamento para vencer mais uma vez o bolsonarismo e suas linhas auxiliares\u201d, comentou.<\/p>\n<p>\u201cOs exemplos exitosos despontam nas chapas progressistas no Rio Grande do Sul, com Juliana Brizola, e no Paran\u00e1, com Requi\u00e3o Filho. O Brasil n\u00e3o pode mais voltar a caminhar em dire\u00e7\u00e3o ao retrocesso. O povo sofreu muito com a perda de direitos no governo do \u2018belzebu\u2019, que est\u00e1 ineleg\u00edvel e preso para pagar pelos reiterados crimes que cometeu\u201d, encerrou.<\/p>\n<!-- AddThis Advanced Settings generic via filter on the_content --><!-- AddThis Share Buttons generic via filter on the_content -->","protected":false},"excerpt":{"rendered":"<p>Lula e Lupi alertam que pol\u00edticas norte-americanas gera escalada do extremismo L\u00edderes brasileiros condenaram, neste s\u00e1bado (18), o avan\u00e7o das pol\u00edticas intervencionistas e armamentistas implementadas pelo presidente dos Estados Unidos, Donald Trump, ao longo dos \u00faltimos anos. O presidente da Rep\u00fablica, Luiz In\u00e1cio Lula da Silva, e o presidente do PDT e vice-presidente da Internacional&#8230;<!-- AddThis Advanced Settings generic via filter on wp_trim_excerpt --><!-- AddThis Share Buttons generic via filter on wp_trim_excerpt --><\/p>\n","protected":false},"author":17,"featured_media":84616,"comment_status":"closed","ping_status":"closed","sticky":false,"template":"","format":"standard","meta":{"_monsterinsights_skip_tracking":false,"_monsterinsights_sitenote_active":false,"_monsterinsights_sitenote_note":"","_monsterinsights_sitenote_category":0,"_uf_show_specific_survey":0,"_uf_disable_surveys":false,"footnotes":""},"categories":[1401,976],"tags":[],"class_list":["post-84615","post","type-post","status-publish","format-standard","has-post-thumbnail","hentry","category-nacional","category-noticias-em-destaque"],"acf":[],"_links":{"self":[{"href":"https:\/\/pdt-rj.org.br\/index.php\/wp-json\/wp\/v2\/posts\/84615","targetHints":{"allow":["GET"]}}],"collection":[{"href":"https:\/\/pdt-rj.org.br\/index.php\/wp-json\/wp\/v2\/posts"}],"about":[{"href":"https:\/\/pdt-rj.org.br\/index.php\/wp-json\/wp\/v2\/types\/post"}],"author":[{"embeddable":true,"href":"https:\/\/pdt-rj.org.br\/index.php\/wp-json\/wp\/v2\/users\/17"}],"replies":[{"embeddable":true,"href":"https:\/\/pdt-rj.org.br\/index.php\/wp-json\/wp\/v2\/comments?post=84615"}],"version-history":[{"count":1,"href":"https:\/\/pdt-rj.org.br\/index.php\/wp-json\/wp\/v2\/posts\/84615\/revisions"}],"predecessor-version":[{"id":84617,"href":"https:\/\/pdt-rj.org.br\/index.php\/wp-json\/wp\/v2\/posts\/84615\/revisions\/84617"}],"wp:featuredmedia":[{"embeddable":true,"href":"https:\/\/pdt-rj.org.br\/index.php\/wp-json\/wp\/v2\/media\/84616"}],"wp:attachment":[{"href":"https:\/\/pdt-rj.org.br\/index.php\/wp-json\/wp\/v2\/media?parent=84615"}],"wp:term":[{"taxonomy":"category","embeddable":true,"href":"https:\/\/pdt-rj.org.br\/index.php\/wp-json\/wp\/v2\/categories?post=84615"},{"taxonomy":"post_tag","embeddable":true,"href":"https:\/\/pdt-rj.org.br\/index.php\/wp-json\/wp\/v2\/tags?post=84615"}],"curies":[{"name":"wp","href":"https:\/\/api.w.org\/{rel}","templated":true}]}}