{"id":84608,"date":"2026-04-20T19:12:54","date_gmt":"2026-04-20T22:12:54","guid":{"rendered":"https:\/\/pdt-rj.org.br\/?p=84608"},"modified":"2026-04-20T19:37:11","modified_gmt":"2026-04-20T22:37:11","slug":"pdt-aciona-stf-para-anular-eleicao-de-presidente-da-alerj","status":"publish","type":"post","link":"https:\/\/pdt-rj.org.br\/index.php\/pdt-aciona-stf-para-anular-eleicao-de-presidente-da-alerj\/","title":{"rendered":"PDT aciona STF para anular elei\u00e7\u00e3o de presidente da Alerj"},"content":{"rendered":"<p class=\"p2\"><strong>Partido busca realiza\u00e7\u00e3o de novo processo para escolha da Mesa Diretora<\/strong><\/p>\n<p class=\"p2\"><span class=\"s2\">O PDT entrou, no Supremo Tribunal Federal (STF), com uma Argui\u00e7\u00e3o de Descumprimento de Preceito Fundamental (ADPF), com pedido de liminar, para anular a elei\u00e7\u00e3o da presid\u00eancia da Assembleia Legislativa do Estado do Rio de Janeiro (Alerj), que foi realizada na \u00faltima sexta-feira (17). Assinada pelo presidente nacional do partido, Carlos Lupi, a a\u00e7\u00e3o foi protocolada nesta segunda-feira (20).<\/span><\/p>\n<p class=\"p2\"><span class=\"s2\">Na peti\u00e7\u00e3o, a sigla, representada no parlamento pelos deputados estaduais Martha Rocha e Vitor J\u00fanior, defende que a realiza\u00e7\u00e3o de novo pleito \u201cobrigatoriamente <\/span>por escrut\u00ednio secreto, em conformidade com o modelo constitucional federal e a jurisprud\u00eancia desta Suprema Corte\u201d.<\/p>\n<p class=\"p2\"><span class=\"s2\">Complementarmente, o partido solicitou que seja declarada a \u201cinconstitucionalidade definitiva da pr\u00e1tica de voto nominal <\/span><span class=\"s2\">aberto para a elei\u00e7\u00e3o, bem como de qualquer ato normativo ou administrativo que a fundamente, por viola\u00e7\u00e3o aos preceitos fundamentais da Constitui\u00e7\u00e3o Federal, em especial os princ\u00edpios republicano, da separa\u00e7\u00e3o de poderes, da moralidade, e da simetria federativa, bem como por v\u00edcio formal insan\u00e1vel na altera\u00e7\u00e3o do Regimento Interno da ALERJ\u201d. <\/span><\/p>\n<p class=\"p2\"><span class=\"s2\">O partido refor\u00e7a, na pe\u00e7a, que a escolha do deputado Douglas Ruas \u201cconfigurou inequ\u00edvoca afronta a preceitos fundamentais da Constitui\u00e7\u00e3o da Rep\u00fablica, notadamente \u00e0 liberdade de exerc\u00edcio do mandato <\/span>parlamentar, \u00e0 autonomia do Poder Legislativo, ao princ\u00edpio da moralidade administrativa, ao devido processo legislativo e \u00e0 pr\u00f3pria integridade do regime democr\u00e1tico, comprometendo a legitimidade do processo deliberativo e a autenticidade da vontade institucional formada\u201d.<\/p>\n<p class=\"p2\"><span class=\"s2\">\u201cO que se submete ao crivo judicial n\u00e3o \u00e9 o resultado do processo eleitoral na ALERJ, mas a sua pr\u00f3pria validade, comprometida por v\u00edcios que afetam a legitimidade do <\/span>exerc\u00edcio do poder e o pr\u00f3prio republicanismo, t\u00e3o caros \u00e0 conforma\u00e7\u00e3o de um Estado Democr\u00e1tico de Direito\u201d, afirmou a sigla, representada pelos advogados Walber Agra, Bruno Ruas, Igor Riker, Dayanne Rodrigues, Arleyd Souza e Mara Hofans.<\/p>\n<p class=\"p2\"><span class=\"s2\">\u201cA condu\u00e7\u00e3o ilegal do procedimento, em contexto de evidente instabilidade institucional, impediu que as delibera\u00e7\u00f5es se desenvolvessem em ambiente compat\u00edvel com os postulados republicanos, especialmente aqueles <\/span>relacionados \u00e0 responsabilidade, \u00e0 moralidade e \u00e0 preval\u00eancia do interesse p\u00fablico sobre arranjos circunstanciais de poder\u201d, acrescentou.<\/p>\n<p>Confira a \u00edntegra da peti\u00e7\u00e3o:\u00a0<a href=\"https:\/\/pdt-rj.org.br\/wp-content\/uploads\/2026\/04\/ADPF.-PDT.-Assembleia-RJ.pdf\">ADPF. PDT. Assembleia RJ<\/a><\/p>\n<!-- AddThis Advanced Settings generic via filter on the_content --><!-- AddThis Share Buttons generic via filter on the_content -->","protected":false},"excerpt":{"rendered":"<p>Partido busca realiza\u00e7\u00e3o de novo processo para escolha da Mesa Diretora O PDT entrou, no Supremo Tribunal Federal (STF), com uma Argui\u00e7\u00e3o de Descumprimento de Preceito Fundamental (ADPF), com pedido de liminar, para anular a elei\u00e7\u00e3o da presid\u00eancia da Assembleia Legislativa do Estado do Rio de Janeiro (Alerj), que foi realizada na \u00faltima sexta-feira (17)&#8230;.<!-- AddThis Advanced Settings generic via filter on wp_trim_excerpt --><!-- AddThis Share Buttons generic via filter on wp_trim_excerpt --><\/p>\n","protected":false},"author":17,"featured_media":84609,"comment_status":"closed","ping_status":"closed","sticky":false,"template":"","format":"standard","meta":{"_monsterinsights_skip_tracking":false,"_monsterinsights_sitenote_active":false,"_monsterinsights_sitenote_note":"","_monsterinsights_sitenote_category":0,"_uf_show_specific_survey":0,"_uf_disable_surveys":false,"footnotes":""},"categories":[975,1401],"tags":[],"class_list":["post-84608","post","type-post","status-publish","format-standard","has-post-thumbnail","hentry","category-manchete","category-nacional"],"acf":[],"_links":{"self":[{"href":"https:\/\/pdt-rj.org.br\/index.php\/wp-json\/wp\/v2\/posts\/84608","targetHints":{"allow":["GET"]}}],"collection":[{"href":"https:\/\/pdt-rj.org.br\/index.php\/wp-json\/wp\/v2\/posts"}],"about":[{"href":"https:\/\/pdt-rj.org.br\/index.php\/wp-json\/wp\/v2\/types\/post"}],"author":[{"embeddable":true,"href":"https:\/\/pdt-rj.org.br\/index.php\/wp-json\/wp\/v2\/users\/17"}],"replies":[{"embeddable":true,"href":"https:\/\/pdt-rj.org.br\/index.php\/wp-json\/wp\/v2\/comments?post=84608"}],"version-history":[{"count":3,"href":"https:\/\/pdt-rj.org.br\/index.php\/wp-json\/wp\/v2\/posts\/84608\/revisions"}],"predecessor-version":[{"id":84613,"href":"https:\/\/pdt-rj.org.br\/index.php\/wp-json\/wp\/v2\/posts\/84608\/revisions\/84613"}],"wp:featuredmedia":[{"embeddable":true,"href":"https:\/\/pdt-rj.org.br\/index.php\/wp-json\/wp\/v2\/media\/84609"}],"wp:attachment":[{"href":"https:\/\/pdt-rj.org.br\/index.php\/wp-json\/wp\/v2\/media?parent=84608"}],"wp:term":[{"taxonomy":"category","embeddable":true,"href":"https:\/\/pdt-rj.org.br\/index.php\/wp-json\/wp\/v2\/categories?post=84608"},{"taxonomy":"post_tag","embeddable":true,"href":"https:\/\/pdt-rj.org.br\/index.php\/wp-json\/wp\/v2\/tags?post=84608"}],"curies":[{"name":"wp","href":"https:\/\/api.w.org\/{rel}","templated":true}]}}