{"id":84570,"date":"2026-03-31T15:59:15","date_gmt":"2026-03-31T18:59:15","guid":{"rendered":"https:\/\/pdt-rj.org.br\/?p=84570"},"modified":"2026-04-17T12:07:41","modified_gmt":"2026-04-17T15:07:41","slug":"pdt-aciona-tj-rj-por-voto-secreto-em-eleicao-para-presidencia-da-alerj","status":"publish","type":"post","link":"https:\/\/pdt-rj.org.br\/index.php\/pdt-aciona-tj-rj-por-voto-secreto-em-eleicao-para-presidencia-da-alerj\/","title":{"rendered":"PDT aciona TJ-RJ por voto secreto em elei\u00e7\u00e3o para presid\u00eancia da Alerj"},"content":{"rendered":"<p class=\"p1\"><strong><span class=\"s1\">Parlamentares buscam liminar para garantir legalidade do processo que define Mesa Diretora<\/span><\/strong><\/p>\n<p class=\"p1\"><span class=\"s1\">O PDT entrou com um Mandado de Seguran\u00e7a no Tribunal de Justi\u00e7a do Estado do Rio de Janeiro (TJ-RJ) para garantir que a elei\u00e7\u00e3o de presidente e da Mesa Diretoria da Assembleia Legislativa do Estado do Rio de Janeiro (Alerj) seja realizada com voto secreto. A a\u00e7\u00e3o foi assinada pelos deputados Martha Rocha e Vitor J\u00fanior e protocolada nesta segunda-feira (30). <\/span><\/p>\n<p class=\"p1\"><span class=\"s1\">Na pe\u00e7a, formulada pelos advogados Bruno Ruas e Igor Riker, a sigla trabalhista solicita a que Justi\u00e7a reconhe\u00e7a a <\/span>\u201cinconstitucionalidade da reda\u00e7\u00e3o adulterada do artigo 7\u00ba do Regimento Interno\u201d da Assembleia, que trata do formato de vota\u00e7\u00e3o dos parlamentares.<\/p>\n<p class=\"p1\"><span class=\"s1\">\u201cPrev\u00ea expressamente o escrut\u00ednio aberto, contudo, a vota\u00e7\u00e3o aberta jamais foi precedida de um Projeto de Resolu\u00e7\u00e3o ou de qualquer delibera\u00e7\u00e3o formal do Plen\u00e1rio da ALERJ, conforme exigem a Constitui\u00e7\u00e3o Federal e Estadual do Rio de Janeiro. Trata-se, portanto, de uma inconstitucionalidade <\/span>eivada de v\u00edcio formal absoluto, que a torna juridicamente inexistente e ineficaz, e produz os seus efeitos na vindoura elei\u00e7\u00e3o para a Presid\u00eancia que se avizinha\u201d, apontou.<\/p>\n<p class=\"p1\"><span class=\"s1\">Segundo os trabalhistas, o processo eleitoral, que j\u00e1 teve a Sess\u00e3o Extraordin\u00e1ria da \u00faltima quinta-feira (26) suspensa por liminar oriunda de a\u00e7\u00e3o impetrada pelo partido, foi impactado por interfer\u00eancias da atual dire\u00e7\u00e3o do parlamento e do grupo pol\u00edtico que ocupava o Pal\u00e1cio Guanabara, sede do poder executivo fluminense. <\/span><\/p>\n<p class=\"p1\"><span class=\"s1\">\u201cHouve exonera\u00e7\u00f5es em massa de servidores, sem qualquer motiva\u00e7\u00e3o <\/span>aparente, configurando n\u00edtida persegui\u00e7\u00e3o pol\u00edtica e retalia\u00e7\u00e3o a parlamentares e seus assessores que n\u00e3o se alinharam aos interesses da Mesa Diretora e do ex-governador do Estado do Rio de Janeiro\u201d, destacou.<\/p>\n<p class=\"p1\"><span class=\"s1\">Confira a \u00edntegra da a\u00e7\u00e3o: <a href=\"https:\/\/pdt-rj.org.br\/wp-content\/uploads\/2026\/03\/MANDADO_DE_SEGURANCA_PREVENTIVO_PDT_VOTO_SECRETO_assinado-1.pdf\">MANDADO_DE_SEGURANCA_PREVENTIVO_PDT_VOTO_SECRETO_assinado (1)<\/a><\/span><\/p>\n<!-- AddThis Advanced Settings generic via filter on the_content --><!-- AddThis Share Buttons generic via filter on the_content -->","protected":false},"excerpt":{"rendered":"<p>Parlamentares buscam liminar para garantir legalidade do processo que define Mesa Diretora O PDT entrou com um Mandado de Seguran\u00e7a no Tribunal de Justi\u00e7a do Estado do Rio de Janeiro (TJ-RJ) para garantir que a elei\u00e7\u00e3o de presidente e da Mesa Diretoria da Assembleia Legislativa do Estado do Rio de Janeiro (Alerj) seja realizada com&#8230;<!-- AddThis Advanced Settings generic via filter on wp_trim_excerpt --><!-- AddThis Share Buttons generic via filter on wp_trim_excerpt --><\/p>\n","protected":false},"author":17,"featured_media":84572,"comment_status":"closed","ping_status":"closed","sticky":false,"template":"","format":"standard","meta":{"_monsterinsights_skip_tracking":false,"_monsterinsights_sitenote_active":false,"_monsterinsights_sitenote_note":"","_monsterinsights_sitenote_category":0,"_uf_show_specific_survey":0,"_uf_disable_surveys":false,"footnotes":""},"categories":[1390,5414],"tags":[],"class_list":["post-84570","post","type-post","status-publish","format-standard","has-post-thumbnail","hentry","category-editorias","category-estado"],"acf":[],"_links":{"self":[{"href":"https:\/\/pdt-rj.org.br\/index.php\/wp-json\/wp\/v2\/posts\/84570","targetHints":{"allow":["GET"]}}],"collection":[{"href":"https:\/\/pdt-rj.org.br\/index.php\/wp-json\/wp\/v2\/posts"}],"about":[{"href":"https:\/\/pdt-rj.org.br\/index.php\/wp-json\/wp\/v2\/types\/post"}],"author":[{"embeddable":true,"href":"https:\/\/pdt-rj.org.br\/index.php\/wp-json\/wp\/v2\/users\/17"}],"replies":[{"embeddable":true,"href":"https:\/\/pdt-rj.org.br\/index.php\/wp-json\/wp\/v2\/comments?post=84570"}],"version-history":[{"count":6,"href":"https:\/\/pdt-rj.org.br\/index.php\/wp-json\/wp\/v2\/posts\/84570\/revisions"}],"predecessor-version":[{"id":84582,"href":"https:\/\/pdt-rj.org.br\/index.php\/wp-json\/wp\/v2\/posts\/84570\/revisions\/84582"}],"wp:featuredmedia":[{"embeddable":true,"href":"https:\/\/pdt-rj.org.br\/index.php\/wp-json\/wp\/v2\/media\/84572"}],"wp:attachment":[{"href":"https:\/\/pdt-rj.org.br\/index.php\/wp-json\/wp\/v2\/media?parent=84570"}],"wp:term":[{"taxonomy":"category","embeddable":true,"href":"https:\/\/pdt-rj.org.br\/index.php\/wp-json\/wp\/v2\/categories?post=84570"},{"taxonomy":"post_tag","embeddable":true,"href":"https:\/\/pdt-rj.org.br\/index.php\/wp-json\/wp\/v2\/tags?post=84570"}],"curies":[{"name":"wp","href":"https:\/\/api.w.org\/{rel}","templated":true}]}}