{"id":84529,"date":"2026-03-10T15:17:37","date_gmt":"2026-03-10T18:17:37","guid":{"rendered":"https:\/\/pdt-rj.org.br\/?p=84529"},"modified":"2026-04-07T15:24:45","modified_gmt":"2026-04-07T18:24:45","slug":"marcos-tavares-propoe-proibir-exploracao-economica-de-caes","status":"publish","type":"post","link":"https:\/\/pdt-rj.org.br\/index.php\/marcos-tavares-propoe-proibir-exploracao-economica-de-caes\/","title":{"rendered":"Marcos Tavares prop\u00f5e proibir explora\u00e7\u00e3o econ\u00f4mica de c\u00e3es"},"content":{"rendered":"<p><strong>\u201cCachorro n\u00e3o \u00e9 objeto de aluguel, \u00e9 vida, \u00e9 cuidado, \u00e9 responsabilidade\u201d, afirma deputado<\/strong><\/p>\n<p>\u201cCachorro n\u00e3o \u00e9 objeto de aluguel, \u00e9 vida, \u00e9 cuidado, \u00e9 responsabilidade\u201d! Com esse pensamento, o deputado Marcos Tavares apresentou o Projeto de Lei 648\/2026, que pro\u00edbe a explora\u00e7\u00e3o econ\u00f4mica de c\u00e3es para servi\u00e7os de seguran\u00e7a privada e refor\u00e7a regras de bem-estar, fiscaliza\u00e7\u00e3o e prote\u00e7\u00e3o aos animais.<\/p>\n<p>\u201cN\u00e3o podemos aceitar que animais sejam tratados como ferramentas descart\u00e1veis em atividades que colocam sua vida em risco\u201d.<\/p>\n<p>A explora\u00e7\u00e3o econ\u00f4mica de que trata o texto refere-se \u00e0 loca\u00e7\u00e3o, cess\u00e3o onerosa, subloca\u00e7\u00e3o, comodato remunerado, intermedia\u00e7\u00e3o comercial ou qualquer forma de explora\u00e7\u00e3o econ\u00f4mica de c\u00e3es, em n\u00edvel nacional, por pessoa f\u00edsica e jur\u00eddica, inclusive canis comerciais, intermediadores, plataformas digitais e outros.<\/p>\n<p>A proposta n\u00e3o pro\u00edbe o emprego de c\u00e3es por \u00f3rg\u00e3os e institui\u00e7\u00f5es p\u00fablicas em atividades oficiais, desde que seja observado o bem-estar animal e protocolos pr\u00f3prios de manejo e treinamento; o uso de c\u00e3es em atividades esportivas, de assist\u00eancia, terap\u00eauticas, de busca e salvamento, ou similares, quando n\u00e3o caracterizada a explora\u00e7\u00e3o econ\u00f4mica para vigil\u00e2ncia ou guarda patrimonial\/pessoal.<\/p>\n<p>Est\u00e3o eleg\u00edveis para fiscalizar o cumprimento da norma \u00f3rg\u00e3os participantes do Sistema Nacional do Meio Ambiente \u2013 SISNAMA; a pol\u00edcia, quando houver ind\u00edcios de crime; guardas municipais; os \u00f3rg\u00e3os de defesa do consumidor e respons\u00e1veis pela fiscaliza\u00e7\u00e3o de seguran\u00e7a privada, quanto \u00e0 atua\u00e7\u00e3o de empresas do setor.<\/p>\n<p>O projeto de Tavares se remete \u00e0 lei de conduta e atividades lesivas ao meio ambiente para aplicar as penalidades ao infrator, que poder\u00e3o ser de reclus\u00e3o, de dois a cinco anos, e multa, aumentada de 1\/3 (um ter\u00e7o) at\u00e9 a metade se resultar em morte do animal, por exemplo, sem retirar as responsabilidades penal e civil e as san\u00e7\u00f5es administrativas cab\u00edveis.<\/p>\n<!-- AddThis Advanced Settings generic via filter on the_content --><!-- AddThis Share Buttons generic via filter on the_content -->","protected":false},"excerpt":{"rendered":"<p>\u201cCachorro n\u00e3o \u00e9 objeto de aluguel, \u00e9 vida, \u00e9 cuidado, \u00e9 responsabilidade\u201d, afirma deputado \u201cCachorro n\u00e3o \u00e9 objeto de aluguel, \u00e9 vida, \u00e9 cuidado, \u00e9 responsabilidade\u201d! Com esse pensamento, o deputado Marcos Tavares apresentou o Projeto de Lei 648\/2026, que pro\u00edbe a explora\u00e7\u00e3o econ\u00f4mica de c\u00e3es para servi\u00e7os de seguran\u00e7a privada e refor\u00e7a regras de&#8230;<!-- AddThis Advanced Settings generic via filter on wp_trim_excerpt --><!-- AddThis Share Buttons generic via filter on wp_trim_excerpt --><\/p>\n","protected":false},"author":17,"featured_media":84530,"comment_status":"closed","ping_status":"closed","sticky":false,"template":"","format":"standard","meta":{"_monsterinsights_skip_tracking":false,"_monsterinsights_sitenote_active":false,"_monsterinsights_sitenote_note":"","_monsterinsights_sitenote_category":0,"_uf_show_specific_survey":0,"_uf_disable_surveys":false,"footnotes":""},"categories":[1390,1459],"tags":[],"class_list":["post-84529","post","type-post","status-publish","format-standard","has-post-thumbnail","hentry","category-editorias","category-congresso"],"acf":[],"_links":{"self":[{"href":"https:\/\/pdt-rj.org.br\/index.php\/wp-json\/wp\/v2\/posts\/84529","targetHints":{"allow":["GET"]}}],"collection":[{"href":"https:\/\/pdt-rj.org.br\/index.php\/wp-json\/wp\/v2\/posts"}],"about":[{"href":"https:\/\/pdt-rj.org.br\/index.php\/wp-json\/wp\/v2\/types\/post"}],"author":[{"embeddable":true,"href":"https:\/\/pdt-rj.org.br\/index.php\/wp-json\/wp\/v2\/users\/17"}],"replies":[{"embeddable":true,"href":"https:\/\/pdt-rj.org.br\/index.php\/wp-json\/wp\/v2\/comments?post=84529"}],"version-history":[{"count":1,"href":"https:\/\/pdt-rj.org.br\/index.php\/wp-json\/wp\/v2\/posts\/84529\/revisions"}],"predecessor-version":[{"id":84531,"href":"https:\/\/pdt-rj.org.br\/index.php\/wp-json\/wp\/v2\/posts\/84529\/revisions\/84531"}],"wp:featuredmedia":[{"embeddable":true,"href":"https:\/\/pdt-rj.org.br\/index.php\/wp-json\/wp\/v2\/media\/84530"}],"wp:attachment":[{"href":"https:\/\/pdt-rj.org.br\/index.php\/wp-json\/wp\/v2\/media?parent=84529"}],"wp:term":[{"taxonomy":"category","embeddable":true,"href":"https:\/\/pdt-rj.org.br\/index.php\/wp-json\/wp\/v2\/categories?post=84529"},{"taxonomy":"post_tag","embeddable":true,"href":"https:\/\/pdt-rj.org.br\/index.php\/wp-json\/wp\/v2\/tags?post=84529"}],"curies":[{"name":"wp","href":"https:\/\/api.w.org\/{rel}","templated":true}]}}