{"id":84526,"date":"2026-03-10T15:13:19","date_gmt":"2026-03-10T18:13:19","guid":{"rendered":"https:\/\/pdt-rj.org.br\/?p=84526"},"modified":"2026-03-27T11:15:16","modified_gmt":"2026-03-27T14:15:16","slug":"rodrigo-neves-articula-recursos-para-resiliencia-climatica","status":"publish","type":"post","link":"https:\/\/pdt-rj.org.br\/index.php\/rodrigo-neves-articula-recursos-para-resiliencia-climatica\/","title":{"rendered":"Rodrigo Neves articula recursos para resili\u00eancia clim\u00e1tica"},"content":{"rendered":"<h3><em>Prefeito de Niter\u00f3i re\u00fane cidades latino-americanas e CAF por projetos de resili\u00eancia<\/em><\/h3>\n<p>O prefeito de Niter\u00f3i e presidente da Rede Mercocidades, Rodrigo Neves (PDT-RJ), liderou nesta quinta-feira (5) um encontro entre 15 cidades do Brasil e da Am\u00e9rica Latina e representantes do Banco de Desenvolvimento da Am\u00e9rica Latina e do Caribe (CAF) para discutir o financiamento de projetos voltados \u00e0 resili\u00eancia clim\u00e1tica.<\/p>\n<p>A reuni\u00e3o aproximou os munic\u00edpios de uma institui\u00e7\u00e3o estrat\u00e9gica para o fomento de a\u00e7\u00f5es urbanas. Em pauta, iniciativas de adapta\u00e7\u00e3o clim\u00e1tica, infraestrutura urbana e gest\u00e3o de riscos. Sob a condu\u00e7\u00e3o de Rodrigo Neves, Niter\u00f3i voltou a se projetar como refer\u00eancia no debate sobre o papel das cidades diante da crise clim\u00e1tica.<\/p>\n<p>Participaram da agenda munic\u00edpios do Brasil, da Argentina, do Uruguai e do Panam\u00e1. Foram apresentados projetos de cidades como Niter\u00f3i, Resende, Duque de Caxias, S\u00e3o Carlos, Belo Horizonte, Serra, Quilmes, Ros\u00e1rio, Montevid\u00e9u, Canelones e Arraij\u00e1n.<\/p>\n<p>Niter\u00f3i apresentou dois projetos estrat\u00e9gicos. O primeiro \u00e9 a implanta\u00e7\u00e3o do Centro de Resili\u00eancia e Opera\u00e7\u00f5es Inteligentes, com monitoramento meteorol\u00f3gico e ambiental em tempo real, durante 24 horas por dia, al\u00e9m de gest\u00e3o inteligente de riscos. O segundo prev\u00ea a amplia\u00e7\u00e3o das interven\u00e7\u00f5es em \u00e1reas de encosta, com a\u00e7\u00f5es de conten\u00e7\u00e3o, drenagem, identifica\u00e7\u00e3o de \u00e1reas vulner\u00e1veis e reflorestamento.<\/p>\n<p>A iniciativa refor\u00e7a uma marca que o PDT vem associando \u00e0 experi\u00eancia de Niter\u00f3i: planejamento urbano com foco em sustentabilidade, preven\u00e7\u00e3o e qualidade de vida. Em 2024, o partido formalizou ades\u00e3o ao Programa Cidades Sustent\u00e1veis e destacou Niter\u00f3i, sob gest\u00e3o pedetista, como exemplo concreto dessa agenda.<\/p>\n<p>Esse movimento tamb\u00e9m dialoga com a formula\u00e7\u00e3o mais recente do Ecotrabalhismo. Em 2025, o movimento aprovou 14 propostas na 5\u00aa Confer\u00eancia Nacional do Meio Ambiente, com eixos ligados \u00e0 adapta\u00e7\u00e3o, prepara\u00e7\u00e3o para desastres e justi\u00e7a clim\u00e1tica. Meses depois, a Carta de Bel\u00e9m consolidou, entre as prioridades do PDT, temas como emerg\u00eancia clim\u00e1tica, governan\u00e7a ambiental e cidades sustent\u00e1veis e resilientes.<\/p>\n<p>Ao liderar o di\u00e1logo entre cidades latino-americanas e a CAF, Rodrigo Neves refor\u00e7a o protagonismo de Niter\u00f3i em uma pauta que ganhou espa\u00e7o permanente no partido. Essa linha tamb\u00e9m conversa com a trajet\u00f3ria recente do munic\u00edpio na \u00e1rea ambiental, destacada pelo pr\u00f3prio PDT desde experi\u00eancias anteriores da cidade na estrutura\u00e7\u00e3o de pol\u00edticas clim\u00e1ticas.<\/p>\n<!-- AddThis Advanced Settings generic via filter on the_content --><!-- AddThis Share Buttons generic via filter on the_content -->","protected":false},"excerpt":{"rendered":"<p>Prefeito de Niter\u00f3i re\u00fane cidades latino-americanas e CAF por projetos de resili\u00eancia O prefeito de Niter\u00f3i e presidente da Rede Mercocidades, Rodrigo Neves (PDT-RJ), liderou nesta quinta-feira (5) um encontro entre 15 cidades do Brasil e da Am\u00e9rica Latina e representantes do Banco de Desenvolvimento da Am\u00e9rica Latina e do Caribe (CAF) para discutir o&#8230;<!-- AddThis Advanced Settings generic via filter on wp_trim_excerpt --><!-- AddThis Share Buttons generic via filter on wp_trim_excerpt --><\/p>\n","protected":false},"author":17,"featured_media":84528,"comment_status":"closed","ping_status":"closed","sticky":false,"template":"","format":"standard","meta":{"_monsterinsights_skip_tracking":false,"_monsterinsights_sitenote_active":false,"_monsterinsights_sitenote_note":"","_monsterinsights_sitenote_category":0,"_uf_show_specific_survey":0,"_uf_disable_surveys":false,"footnotes":""},"categories":[1390,1402],"tags":[],"class_list":["post-84526","post","type-post","status-publish","format-standard","has-post-thumbnail","hentry","category-editorias","category-cidades"],"acf":[],"_links":{"self":[{"href":"https:\/\/pdt-rj.org.br\/index.php\/wp-json\/wp\/v2\/posts\/84526","targetHints":{"allow":["GET"]}}],"collection":[{"href":"https:\/\/pdt-rj.org.br\/index.php\/wp-json\/wp\/v2\/posts"}],"about":[{"href":"https:\/\/pdt-rj.org.br\/index.php\/wp-json\/wp\/v2\/types\/post"}],"author":[{"embeddable":true,"href":"https:\/\/pdt-rj.org.br\/index.php\/wp-json\/wp\/v2\/users\/17"}],"replies":[{"embeddable":true,"href":"https:\/\/pdt-rj.org.br\/index.php\/wp-json\/wp\/v2\/comments?post=84526"}],"version-history":[{"count":2,"href":"https:\/\/pdt-rj.org.br\/index.php\/wp-json\/wp\/v2\/posts\/84526\/revisions"}],"predecessor-version":[{"id":84537,"href":"https:\/\/pdt-rj.org.br\/index.php\/wp-json\/wp\/v2\/posts\/84526\/revisions\/84537"}],"wp:featuredmedia":[{"embeddable":true,"href":"https:\/\/pdt-rj.org.br\/index.php\/wp-json\/wp\/v2\/media\/84528"}],"wp:attachment":[{"href":"https:\/\/pdt-rj.org.br\/index.php\/wp-json\/wp\/v2\/media?parent=84526"}],"wp:term":[{"taxonomy":"category","embeddable":true,"href":"https:\/\/pdt-rj.org.br\/index.php\/wp-json\/wp\/v2\/categories?post=84526"},{"taxonomy":"post_tag","embeddable":true,"href":"https:\/\/pdt-rj.org.br\/index.php\/wp-json\/wp\/v2\/tags?post=84526"}],"curies":[{"name":"wp","href":"https:\/\/api.w.org\/{rel}","templated":true}]}}