{"id":84484,"date":"2026-01-26T15:41:56","date_gmt":"2026-01-26T18:41:56","guid":{"rendered":"https:\/\/pdt-rj.org.br\/?p=84484"},"modified":"2026-03-10T15:20:41","modified_gmt":"2026-03-10T18:20:41","slug":"carlos-lupi-recebe-titulo-de-cidadao-em-marica","status":"publish","type":"post","link":"https:\/\/pdt-rj.org.br\/index.php\/carlos-lupi-recebe-titulo-de-cidadao-em-marica\/","title":{"rendered":"Carlos Lupi recebe t\u00edtulo de cidad\u00e3o em Maric\u00e1"},"content":{"rendered":"<p><strong>Homenagem, na C\u00e2mara Municipal, foi proposta por Julio Carolino e mobiliza lideran\u00e7as estaduais <\/strong><\/p>\n<p>O presidente nacional do PDT, Carlos Lupi, recebeu, nesta segunda-feira (26), o t\u00edtulo de cidad\u00e3o de Maric\u00e1. A homenagem, que ocorreu no plen\u00e1rio da C\u00e2mara Municipal, foi proposta por Julio Carolino, ex-vereador e secret\u00e1rio municipal de Recursos H\u00eddricos e Minerais.<\/p>\n<p>Na sess\u00e3o que mobilizou parlamentares e lideran\u00e7as fluminenses, Lupi agradeceu a condecora\u00e7\u00e3o ao refor\u00e7ar o compromisso do partido com o constante progresso do munic\u00edpio, que apresenta um protagonismo no estado.<\/p>\n<p>\u201cMaric\u00e1 representou um ref\u00fagio para o eterno Darcy Ribeiro e segue mostrando sua import\u00e2ncia n\u00e3o s\u00f3 para o estado do Rio, mas tamb\u00e9m para o Brasil. \u00c9 um orgulho poder receber este t\u00edtulo ao lado de tantas pessoas queridas. O PDT seguir\u00e1 comprometido com a justi\u00e7a social, que \u00e9 uma bandeira viva aqui nesta querida cidade\u201d, disse, acompanhado de L\u00e9o Lupi, subsecret\u00e1rio de Assist\u00eancia Social no Rio de Janeiro e presidente do PDT na capital.<\/p>\n<p><img loading=\"lazy\" decoding=\"async\" class=\"aligncenter size-large wp-image-84489\" src=\"https:\/\/pdt-rj.org.br\/wp-content\/uploads\/2026\/01\/WhatsApp-Image-2026-01-26-at-16.07.33-1024x590.jpeg\" alt=\"\" width=\"640\" height=\"369\" srcset=\"https:\/\/pdt-rj.org.br\/wp-content\/uploads\/2026\/01\/WhatsApp-Image-2026-01-26-at-16.07.33.jpeg 1024w, https:\/\/pdt-rj.org.br\/wp-content\/uploads\/2026\/01\/WhatsApp-Image-2026-01-26-at-16.07.33-300x173.jpeg 300w, https:\/\/pdt-rj.org.br\/wp-content\/uploads\/2026\/01\/WhatsApp-Image-2026-01-26-at-16.07.33-100x58.jpeg 100w, https:\/\/pdt-rj.org.br\/wp-content\/uploads\/2026\/01\/WhatsApp-Image-2026-01-26-at-16.07.33-768x443.jpeg 768w, https:\/\/pdt-rj.org.br\/wp-content\/uploads\/2026\/01\/WhatsApp-Image-2026-01-26-at-16.07.33-156x90.jpeg 156w\" sizes=\"auto, (max-width: 640px) 100vw, 640px\" \/><\/p>\n<p>Julio Carolino enfatizou o legado do Trabalhismo na cidade, a partir do reconhecimento da popula\u00e7\u00e3o nas urnas, para refor\u00e7ar a atua\u00e7\u00e3o em prol da expans\u00e3o da sigla.<\/p>\n<p>\u201c\u00c9 uma honra poder representar o PDT de Leonel Brizola e Darcy Ribeiro, \u00fanico partido da minha vida, assim como ocorre com Lupi. A homenagem representa um momento \u00edmpar n\u00e3o s\u00f3 para o nosso partido, mas tamb\u00e9m para Maric\u00e1, que reconhece toda a sua trajet\u00f3ria\u201d, comentou.<\/p>\n<p>O evento contou ainda com as presen\u00e7as do presidente municipal do partido, Dr. Carolino; da vereadora local, Adriana Costa; do vereador de Niter\u00f3i, Jhonatan Santos, e de representantes dos movimentos de base pedetistas.<\/p>\n<!-- AddThis Advanced Settings generic via filter on the_content --><!-- AddThis Share Buttons generic via filter on the_content -->","protected":false},"excerpt":{"rendered":"<p>Homenagem, na C\u00e2mara Municipal, foi proposta por Julio Carolino e mobiliza lideran\u00e7as estaduais O presidente nacional do PDT, Carlos Lupi, recebeu, nesta segunda-feira (26), o t\u00edtulo de cidad\u00e3o de Maric\u00e1. A homenagem, que ocorreu no plen\u00e1rio da C\u00e2mara Municipal, foi proposta por Julio Carolino, ex-vereador e secret\u00e1rio municipal de Recursos H\u00eddricos e Minerais. Na sess\u00e3o&#8230;<!-- AddThis Advanced Settings generic via filter on wp_trim_excerpt --><!-- AddThis Share Buttons generic via filter on wp_trim_excerpt --><\/p>\n","protected":false},"author":17,"featured_media":84485,"comment_status":"closed","ping_status":"closed","sticky":false,"template":"","format":"standard","meta":{"_monsterinsights_skip_tracking":false,"_monsterinsights_sitenote_active":false,"_monsterinsights_sitenote_note":"","_monsterinsights_sitenote_category":0,"_uf_show_specific_survey":0,"_uf_disable_surveys":false,"footnotes":""},"categories":[1390,1401],"tags":[],"class_list":["post-84484","post","type-post","status-publish","format-standard","has-post-thumbnail","hentry","category-editorias","category-nacional"],"acf":[],"_links":{"self":[{"href":"https:\/\/pdt-rj.org.br\/index.php\/wp-json\/wp\/v2\/posts\/84484","targetHints":{"allow":["GET"]}}],"collection":[{"href":"https:\/\/pdt-rj.org.br\/index.php\/wp-json\/wp\/v2\/posts"}],"about":[{"href":"https:\/\/pdt-rj.org.br\/index.php\/wp-json\/wp\/v2\/types\/post"}],"author":[{"embeddable":true,"href":"https:\/\/pdt-rj.org.br\/index.php\/wp-json\/wp\/v2\/users\/17"}],"replies":[{"embeddable":true,"href":"https:\/\/pdt-rj.org.br\/index.php\/wp-json\/wp\/v2\/comments?post=84484"}],"version-history":[{"count":9,"href":"https:\/\/pdt-rj.org.br\/index.php\/wp-json\/wp\/v2\/posts\/84484\/revisions"}],"predecessor-version":[{"id":84502,"href":"https:\/\/pdt-rj.org.br\/index.php\/wp-json\/wp\/v2\/posts\/84484\/revisions\/84502"}],"wp:featuredmedia":[{"embeddable":true,"href":"https:\/\/pdt-rj.org.br\/index.php\/wp-json\/wp\/v2\/media\/84485"}],"wp:attachment":[{"href":"https:\/\/pdt-rj.org.br\/index.php\/wp-json\/wp\/v2\/media?parent=84484"}],"wp:term":[{"taxonomy":"category","embeddable":true,"href":"https:\/\/pdt-rj.org.br\/index.php\/wp-json\/wp\/v2\/categories?post=84484"},{"taxonomy":"post_tag","embeddable":true,"href":"https:\/\/pdt-rj.org.br\/index.php\/wp-json\/wp\/v2\/tags?post=84484"}],"curies":[{"name":"wp","href":"https:\/\/api.w.org\/{rel}","templated":true}]}}