{"id":84442,"date":"2025-11-17T12:16:46","date_gmt":"2025-11-17T15:16:46","guid":{"rendered":"https:\/\/pdt-rj.org.br\/?p=84442"},"modified":"2025-12-05T09:55:53","modified_gmt":"2025-12-05T12:55:53","slug":"prefeito-rodrigo-neves-inaugura-nova-unidade-do-medico-de-familia-em-niteroi","status":"publish","type":"post","link":"https:\/\/pdt-rj.org.br\/index.php\/prefeito-rodrigo-neves-inaugura-nova-unidade-do-medico-de-familia-em-niteroi\/","title":{"rendered":"Prefeito Rodrigo Neves inaugura nova unidade do M\u00e9dico de Fam\u00edlia em Niter\u00f3i"},"content":{"rendered":"<p data-raofz=\"15\"><em><strong>Prefeito e especialistas abordaram planejamento, sustentabilidade e desafios urbanos at\u00e9 2050<\/strong><\/em><\/p>\n<p data-raofz=\"15\">O audit\u00f3rio do Caminho Niemeyer recebeu, nessa segunda-feira (17), o debate \u201cO Futuro das Cidades no S\u00e9culo XXI<strong>\u201d<\/strong>, que reuniu lideran\u00e7as, especialistas e moradores para discutir os desafios e oportunidades de Niter\u00f3i rumo a 2050. O encontro integra o ciclo de debates do projeto Niter\u00f3i que Queremos (NQQ) e contou com uma palestra do professor Boaventura de Sousa Santos. A iniciativa faz parte de um processo participativo que j\u00e1 mobilizou mais de 14 mil pessoas em consultas p\u00fablicas.<\/p>\n<p data-raofz=\"15\">Boaventura de Sousa Santos destacou a import\u00e2ncia do planejamento urbano participativo e fez cr\u00edticas aos modelos tradicionais de desenvolvimento. Soci\u00f3logo, jurista e ativista portugu\u00eas, ele \u00e9 reconhecido internacionalmente por suas contribui\u00e7\u00f5es nas \u00e1reas de globaliza\u00e7\u00e3o, sociologia do direito, epistemologia e direitos humanos. \u00c9 professor em\u00e9rito da Universidade de Coimbra, acad\u00eamico da Universidade de Wisconsin\u2013Madison e autor de obras renomadas.<\/p>\n<p data-raofz=\"15\">O prefeito Rodrigo Neves ressaltou os avan\u00e7os recentes nas \u00e1reas de mobilidade urbana, combate \u00e0s desigualdades, seguran\u00e7a p\u00fablica integrada e investimentos em educa\u00e7\u00e3o e tecnologia.<\/p>\n<p data-raofz=\"15\">\u201cNiter\u00f3i tem mostrado que \u00e9 poss\u00edvel construir uma cidade que cuida das pessoas, valoriza a participa\u00e7\u00e3o popular e olha para o futuro com esperan\u00e7a e responsabilidade. Nosso desafio agora \u00e9 seguir inovando e garantindo qualidade de vida para todos. O Niter\u00f3i que queremos \u00e9 uma cidade inclusiva, inovadora, que valoriza sua diversidade e aposta no desenvolvimento sustent\u00e1vel\u201d, afirmou o prefeito.<\/p>\n<p data-raofz=\"15\">Ele tamb\u00e9m mencionou desafios demogr\u00e1ficos, como o envelhecimento da popula\u00e7\u00e3o, a necessidade de uma transi\u00e7\u00e3o econ\u00f4mica sustent\u00e1vel baseada na economia do conhecimento e verde, e a import\u00e2ncia de reduzir desigualdades territoriais.<\/p>\n<p data-raofz=\"15\">Durante sua fala, Boaventura refor\u00e7ou a defesa de processos decis\u00f3rios mais amplos e participativos no planejamento urbano.<\/p>\n<p>\u201cO planejamento ou \u00e9 participativo, ou n\u00e3o \u00e9 planejamento. Precisamos de uma participa\u00e7\u00e3o real, que envolva de fato a popula\u00e7\u00e3o e nos permita pensar um \u2018socialismo municipalista\u2019 frente \u00e0 crise do capitalismo selvagem que vivemos, e tamb\u00e9m avan\u00e7ar na renaturaliza\u00e7\u00e3o das cidades\u201d, afirmou.<\/p>\n<p data-raofz=\"15\">O evento contou ainda com a participa\u00e7\u00e3o da vice-prefeita Isabel Swan; da secret\u00e1ria de Planejamento, Isadora Modesto; do secret\u00e1rio de Participa\u00e7\u00e3o Social, Oct\u00e1vio Ribeiro; da secret\u00e1ria de Direitos Humanos, Cl\u00e1udia Ferreira ; e do procurador municipal, T\u00e9cio Lins e Silva. Todos destacaram o car\u00e1ter colaborativo e multidisciplinar do NQQ.<\/p>\n<p data-raofz=\"15\">A secret\u00e1ria Isadora Modesto ressaltou o crescimento da participa\u00e7\u00e3o popular e o engajamento de institui\u00e7\u00f5es no fortalecimento de pol\u00edticas p\u00fablicas integradas.<\/p>\n<p data-raofz=\"15\">\u201cMais de 14 mil pessoas j\u00e1 participaram da consulta p\u00fablica \u2018Niter\u00f3i que Queremos\u2019, superando as 10 mil da edi\u00e7\u00e3o anterior. O processo refor\u00e7a a import\u00e2ncia de envolver a popula\u00e7\u00e3o na discuss\u00e3o sobre transi\u00e7\u00e3o demogr\u00e1fica e econ\u00f4mica e redu\u00e7\u00e3o das desigualdades territoriais\u201d, afirmou.<\/p>\n<!-- AddThis Advanced Settings generic via filter on the_content --><!-- AddThis Share Buttons generic via filter on the_content -->","protected":false},"excerpt":{"rendered":"<p>Prefeito e especialistas abordaram planejamento, sustentabilidade e desafios urbanos at\u00e9 2050 O audit\u00f3rio do Caminho Niemeyer recebeu, nessa segunda-feira (17), o debate \u201cO Futuro das Cidades no S\u00e9culo XXI\u201d, que reuniu lideran\u00e7as, especialistas e moradores para discutir os desafios e oportunidades de Niter\u00f3i rumo a 2050. O encontro integra o ciclo de debates do projeto&#8230;<!-- AddThis Advanced Settings generic via filter on wp_trim_excerpt --><!-- AddThis Share Buttons generic via filter on wp_trim_excerpt --><\/p>\n","protected":false},"author":17,"featured_media":84443,"comment_status":"closed","ping_status":"closed","sticky":false,"template":"","format":"standard","meta":{"_monsterinsights_skip_tracking":false,"_monsterinsights_sitenote_active":false,"_monsterinsights_sitenote_note":"","_monsterinsights_sitenote_category":0,"_uf_show_specific_survey":0,"_uf_disable_surveys":false,"footnotes":""},"categories":[1390,1402],"tags":[],"class_list":["post-84442","post","type-post","status-publish","format-standard","has-post-thumbnail","hentry","category-editorias","category-cidades"],"acf":[],"_links":{"self":[{"href":"https:\/\/pdt-rj.org.br\/index.php\/wp-json\/wp\/v2\/posts\/84442","targetHints":{"allow":["GET"]}}],"collection":[{"href":"https:\/\/pdt-rj.org.br\/index.php\/wp-json\/wp\/v2\/posts"}],"about":[{"href":"https:\/\/pdt-rj.org.br\/index.php\/wp-json\/wp\/v2\/types\/post"}],"author":[{"embeddable":true,"href":"https:\/\/pdt-rj.org.br\/index.php\/wp-json\/wp\/v2\/users\/17"}],"replies":[{"embeddable":true,"href":"https:\/\/pdt-rj.org.br\/index.php\/wp-json\/wp\/v2\/comments?post=84442"}],"version-history":[{"count":2,"href":"https:\/\/pdt-rj.org.br\/index.php\/wp-json\/wp\/v2\/posts\/84442\/revisions"}],"predecessor-version":[{"id":84458,"href":"https:\/\/pdt-rj.org.br\/index.php\/wp-json\/wp\/v2\/posts\/84442\/revisions\/84458"}],"wp:featuredmedia":[{"embeddable":true,"href":"https:\/\/pdt-rj.org.br\/index.php\/wp-json\/wp\/v2\/media\/84443"}],"wp:attachment":[{"href":"https:\/\/pdt-rj.org.br\/index.php\/wp-json\/wp\/v2\/media?parent=84442"}],"wp:term":[{"taxonomy":"category","embeddable":true,"href":"https:\/\/pdt-rj.org.br\/index.php\/wp-json\/wp\/v2\/categories?post=84442"},{"taxonomy":"post_tag","embeddable":true,"href":"https:\/\/pdt-rj.org.br\/index.php\/wp-json\/wp\/v2\/tags?post=84442"}],"curies":[{"name":"wp","href":"https:\/\/api.w.org\/{rel}","templated":true}]}}