{"id":84435,"date":"2025-11-19T11:38:09","date_gmt":"2025-11-19T14:38:09","guid":{"rendered":"https:\/\/pdt-rj.org.br\/?p=84435"},"modified":"2025-12-05T10:02:03","modified_gmt":"2025-12-05T13:02:03","slug":"pdt-diversidade-do-rj-lanca-campanha-por-um-rio-de-janeiro-territorio-livre-da-lgbtifobia","status":"publish","type":"post","link":"https:\/\/pdt-rj.org.br\/index.php\/pdt-diversidade-do-rj-lanca-campanha-por-um-rio-de-janeiro-territorio-livre-da-lgbtifobia\/","title":{"rendered":"PDT Diversidade do RJ lan\u00e7a campanha \u201cPor um Rio de Janeiro, territ\u00f3rio livre da LGBTIfobia\u201d"},"content":{"rendered":"<p><strong>Manifesto reafirma compromisso com a liberdade, a justi\u00e7a social e a igualdade<\/strong><\/p>\n<p>O PDT Diversidade do Rio de Janeiro lan\u00e7ou, nesta semana, a campanha \u201cPor um Rio de Janeiro, Territ\u00f3rio Livre da LGBTIfobia\u201d. Liderada pelo presidente municipal do partido e subsecret\u00e1rio de Assist\u00eancia Social na capital fluminense, a a\u00e7\u00e3o representa um chamado p\u00fablico para que toda a sociedade se una na defesa da vida, da dignidade e dos direitos da popula\u00e7\u00e3o LGBTQIA+.<\/p>\n<p>O manifesto \u2014 dispon\u00edvel para assinatura em <a href=\"http:\/\/riodefuturo.com.br\/diversidade\"><strong>riodefuturo.com.br\/diversidade<\/strong> <\/a>\u2014 reafirma o compromisso com a liberdade, a justi\u00e7a social e a igualdade, e convoca cidad\u00e3os, lideran\u00e7as comunit\u00e1rias, gestores p\u00fablicos, empres\u00e1rios, artistas, movimentos sociais e aliados a assumirem um papel ativo na constru\u00e7\u00e3o de um estado mais plural e seguro.<\/p>\n<p>Confira a \u00edntegra do Manifesto:<\/p>\n<p><strong>Um Rio que celebre a liberdade<\/strong><\/p>\n<p>O Rio de Janeiro \u00e9 reconhecido mundialmente como territ\u00f3rio de encontro, diversidade e criatividade. Mas esta voca\u00e7\u00e3o tem sido amea\u00e7ada pelo avan\u00e7o da viol\u00eancia, pelo preconceito estrutural e pela nega\u00e7\u00e3o de direitos que afetam principalmente a popula\u00e7\u00e3o LGBTQIA+. A LGBTIfobia continua matando, expulsando jovens de casa, afastando pessoas da escola e do trabalho e produzindo ciclos de exclus\u00e3o e vulnerabilidade. Diante deste cen\u00e1rio, o PDT Diversidade entende que n\u00e3o \u00e9 mais poss\u00edvel silenciar. \u00c9 hora de transformar indigna\u00e7\u00e3o em compromisso concreto.<\/p>\n<p>O que significa um Territ\u00f3rio Livre da LGBTIfobia?<\/p>\n<p>O manifesto do PDT Diversidade prop\u00f5e uma agenda ampla e integrada de pol\u00edticas e a\u00e7\u00f5es que devem envolver governo, sociedade civil, academia, setor privado e movimentos sociais. Entre os eixos principais, est\u00e3o:<\/p>\n<ul>\n<li>Garantia de pol\u00edticas p\u00fablicas de prote\u00e7\u00e3o e promo\u00e7\u00e3o de direitos, articulando educa\u00e7\u00e3o, sa\u00fade, cultura, seguran\u00e7a p\u00fablica e assist\u00eancia social;<\/li>\n<li>Programas de empregabilidade e inclus\u00e3o produtiva, com foco especial na inser\u00e7\u00e3o de pessoas trans no mercado de trabalho;<\/li>\n<li>Educa\u00e7\u00e3o libertadora e plural, que combata preconceitos e construa uma cultura de respeito desde a sala de aula;<\/li>\n<li>Fortalecimento das redes de acolhimento e defesa social, oferecendo apoio jur\u00eddico, psicol\u00f3gico e comunit\u00e1rio \u00e0s v\u00edtimas de discrimina\u00e7\u00e3o e viol\u00eancia;<\/li>\n<li>Constru\u00e7\u00e3o de pontes entre sociedade civil, iniciativa privada e poder p\u00fablico, transformando a diversidade em valor coletivo e motor de desenvolvimento humano e econ\u00f4mico.<\/li>\n<\/ul>\n<p>Convite \u00e0 sociedade fluminense<\/p>\n<p>O lan\u00e7amento da campanha \u00e9 tamb\u00e9m um convite amplo a todas as pessoas que acreditam na liberdade, na democracia e na igualdade. Assinar o manifesto significa assumir o compromisso de ser agente ativo contra a viol\u00eancia e a opress\u00e3o, fortalecendo uma rede de solidariedade e de prote\u00e7\u00e3o \u00e0 vida.<\/p>\n<p>\u201cAo assinar, voc\u00ea se compromete a construir um Rio onde cada pessoa possa existir, amar e ser quem \u00e9, com seguran\u00e7a e plenos direitos.\u201d<\/p>\n<p>O Rio de Janeiro pode \u2014 e deve \u2014 ser refer\u00eancia nacional na promo\u00e7\u00e3o da diversidade e no enfrentamento \u00e0 LGBTIfobia. Para isso, a participa\u00e7\u00e3o popular \u00e9 fundamental.<\/p>\n<p>Acesse: riodefuturo.com.br\/diversidade<strong><br \/>\n<\/strong>Participe, compartilhe, engaje.<br \/>\nVamos juntos construir um Rio de Janeiro verdadeiramente livre, plural e humano.<\/p>\n<p><strong>PDT Diversidade do Rio de Janeiro<br \/>\nPela liberdade de ser, pelo direito de viver.<\/strong><\/p>\n<p>&nbsp;<\/p>\n<!-- AddThis Advanced Settings generic via filter on the_content --><!-- AddThis Share Buttons generic via filter on the_content -->","protected":false},"excerpt":{"rendered":"<p>Manifesto reafirma compromisso com a liberdade, a justi\u00e7a social e a igualdade O PDT Diversidade do Rio de Janeiro lan\u00e7ou, nesta semana, a campanha \u201cPor um Rio de Janeiro, Territ\u00f3rio Livre da LGBTIfobia\u201d. Liderada pelo presidente municipal do partido e subsecret\u00e1rio de Assist\u00eancia Social na capital fluminense, a a\u00e7\u00e3o representa um chamado p\u00fablico para que&#8230;<!-- AddThis Advanced Settings generic via filter on wp_trim_excerpt --><!-- AddThis Share Buttons generic via filter on wp_trim_excerpt --><\/p>\n","protected":false},"author":17,"featured_media":84436,"comment_status":"closed","ping_status":"closed","sticky":false,"template":"","format":"standard","meta":{"_monsterinsights_skip_tracking":false,"_monsterinsights_sitenote_active":false,"_monsterinsights_sitenote_note":"","_monsterinsights_sitenote_category":0,"_uf_show_specific_survey":0,"_uf_disable_surveys":false,"footnotes":""},"categories":[1390,5414],"tags":[],"class_list":["post-84435","post","type-post","status-publish","format-standard","has-post-thumbnail","hentry","category-editorias","category-estado"],"acf":[],"_links":{"self":[{"href":"https:\/\/pdt-rj.org.br\/index.php\/wp-json\/wp\/v2\/posts\/84435","targetHints":{"allow":["GET"]}}],"collection":[{"href":"https:\/\/pdt-rj.org.br\/index.php\/wp-json\/wp\/v2\/posts"}],"about":[{"href":"https:\/\/pdt-rj.org.br\/index.php\/wp-json\/wp\/v2\/types\/post"}],"author":[{"embeddable":true,"href":"https:\/\/pdt-rj.org.br\/index.php\/wp-json\/wp\/v2\/users\/17"}],"replies":[{"embeddable":true,"href":"https:\/\/pdt-rj.org.br\/index.php\/wp-json\/wp\/v2\/comments?post=84435"}],"version-history":[{"count":1,"href":"https:\/\/pdt-rj.org.br\/index.php\/wp-json\/wp\/v2\/posts\/84435\/revisions"}],"predecessor-version":[{"id":84437,"href":"https:\/\/pdt-rj.org.br\/index.php\/wp-json\/wp\/v2\/posts\/84435\/revisions\/84437"}],"wp:featuredmedia":[{"embeddable":true,"href":"https:\/\/pdt-rj.org.br\/index.php\/wp-json\/wp\/v2\/media\/84436"}],"wp:attachment":[{"href":"https:\/\/pdt-rj.org.br\/index.php\/wp-json\/wp\/v2\/media?parent=84435"}],"wp:term":[{"taxonomy":"category","embeddable":true,"href":"https:\/\/pdt-rj.org.br\/index.php\/wp-json\/wp\/v2\/categories?post=84435"},{"taxonomy":"post_tag","embeddable":true,"href":"https:\/\/pdt-rj.org.br\/index.php\/wp-json\/wp\/v2\/tags?post=84435"}],"curies":[{"name":"wp","href":"https:\/\/api.w.org\/{rel}","templated":true}]}}