{"id":84419,"date":"2025-10-24T21:24:14","date_gmt":"2025-10-25T00:24:14","guid":{"rendered":"https:\/\/pdt-rj.org.br\/?p=84419"},"modified":"2025-12-05T09:56:03","modified_gmt":"2025-12-05T12:56:03","slug":"pdt-lanca-cartilha-sobre-os-40-anos-dos-cieps-no-rio-de-janeiro","status":"publish","type":"post","link":"https:\/\/pdt-rj.org.br\/index.php\/pdt-lanca-cartilha-sobre-os-40-anos-dos-cieps-no-rio-de-janeiro\/","title":{"rendered":"PDT lan\u00e7a cartilha sobre os 40 anos dos CIEPs no Rio de Janeiro"},"content":{"rendered":"<p><strong>Material destaca import\u00e2ncia do programa de ensino integral criado por Brizola e Darcy<\/strong><\/p>\n<p>\u201cOs CIEPs revolucionaram a educa\u00e7\u00e3o p\u00fablica do Rio de Janeiro\u201d, destacou o coordenador nacional do Centro de Mem\u00f3ria Trabalhista (CMT), Henrique Matthiesen durante o lan\u00e7amento da cartilha \u201cCieps, 40 anos: um projeto educacional \u00e0 frente do seu tempo\u201d. O evento foi realizado nesta sexta-feira (24), na sede da Funda\u00e7\u00e3o Leonel Brizola \u2013 Alberto Pasqualini (FLB-AP), no Centro da capital fluminense.<\/p>\n<p>Produzido pelo CMT em conjunto com a Funda\u00e7\u00e3o Darcy Ribeiro, o material, que integra a s\u00e9rie Legados Trabalhistas, detalhou o impacto transformador da prioriza\u00e7\u00e3o da pol\u00edtica educacional ao longo das duas gest\u00f5es de Brizola no Pal\u00e1cio Guanabara, entre as d\u00e9cadas de 80 e 90. Marco na administra\u00e7\u00e3o estadual, o l\u00edder pedetista garantiu cerca de 33% do or\u00e7amento para a constru\u00e7\u00e3o e manuten\u00e7\u00e3o dos Centros Integrados de Educa\u00e7\u00e3o P\u00fablica em todas as regi\u00f5es.<\/p>\n<p>No ambiente desenhado por Oscar Niemeyer, a crian\u00e7a era acolhida por uma equipe multidisciplinar e desfrutava n\u00e3o s\u00f3 da qualidade do ensino e da alimenta\u00e7\u00e3o completas ao longo do dia, mas tamb\u00e9m do pleno suporte vinculado \u00e0 sa\u00fade, cultura e lazer.<\/p>\n<p>No debate, Matthiesen enfatizou a import\u00e2ncia dos mais de 503 CIEPs, que s\u00e3o reconhecidos at\u00e9 os dias atuais pela popula\u00e7\u00e3o.<\/p>\n<p>\u201cO CIEP representou um modelo de escola transformador. Era a nova Roma de Darcy Ribeiro. A integra\u00e7\u00e3o com a comunidade e o cuidado com as crian\u00e7as eram diferenciais do projeto na gest\u00e3o trabalhista de Leonel Brizola\u201d, afirmou.<\/p>\n<p>O evento contou com as presen\u00e7as de representantes dos movimentos pedetistas e de militantes.<\/p>\n<p>Confira a \u00edntegra da cartilha: https:\/\/www.flb-ap.org.br\/biblioteca\/#flipbook-df_4762\/1\/<\/p>\n<!-- AddThis Advanced Settings generic via filter on the_content --><!-- AddThis Share Buttons generic via filter on the_content -->","protected":false},"excerpt":{"rendered":"<p>Material destaca import\u00e2ncia do programa de ensino integral criado por Brizola e Darcy \u201cOs CIEPs revolucionaram a educa\u00e7\u00e3o p\u00fablica do Rio de Janeiro\u201d, destacou o coordenador nacional do Centro de Mem\u00f3ria Trabalhista (CMT), Henrique Matthiesen durante o lan\u00e7amento da cartilha \u201cCieps, 40 anos: um projeto educacional \u00e0 frente do seu tempo\u201d. O evento foi realizado&#8230;<!-- AddThis Advanced Settings generic via filter on wp_trim_excerpt --><!-- AddThis Share Buttons generic via filter on wp_trim_excerpt --><\/p>\n","protected":false},"author":17,"featured_media":84420,"comment_status":"closed","ping_status":"closed","sticky":false,"template":"","format":"standard","meta":{"_monsterinsights_skip_tracking":false,"_monsterinsights_sitenote_active":false,"_monsterinsights_sitenote_note":"","_monsterinsights_sitenote_category":0,"_uf_show_specific_survey":0,"_uf_disable_surveys":false,"footnotes":""},"categories":[1390,1401],"tags":[],"class_list":["post-84419","post","type-post","status-publish","format-standard","has-post-thumbnail","hentry","category-editorias","category-nacional"],"acf":[],"_links":{"self":[{"href":"https:\/\/pdt-rj.org.br\/index.php\/wp-json\/wp\/v2\/posts\/84419","targetHints":{"allow":["GET"]}}],"collection":[{"href":"https:\/\/pdt-rj.org.br\/index.php\/wp-json\/wp\/v2\/posts"}],"about":[{"href":"https:\/\/pdt-rj.org.br\/index.php\/wp-json\/wp\/v2\/types\/post"}],"author":[{"embeddable":true,"href":"https:\/\/pdt-rj.org.br\/index.php\/wp-json\/wp\/v2\/users\/17"}],"replies":[{"embeddable":true,"href":"https:\/\/pdt-rj.org.br\/index.php\/wp-json\/wp\/v2\/comments?post=84419"}],"version-history":[{"count":2,"href":"https:\/\/pdt-rj.org.br\/index.php\/wp-json\/wp\/v2\/posts\/84419\/revisions"}],"predecessor-version":[{"id":84433,"href":"https:\/\/pdt-rj.org.br\/index.php\/wp-json\/wp\/v2\/posts\/84419\/revisions\/84433"}],"wp:featuredmedia":[{"embeddable":true,"href":"https:\/\/pdt-rj.org.br\/index.php\/wp-json\/wp\/v2\/media\/84420"}],"wp:attachment":[{"href":"https:\/\/pdt-rj.org.br\/index.php\/wp-json\/wp\/v2\/media?parent=84419"}],"wp:term":[{"taxonomy":"category","embeddable":true,"href":"https:\/\/pdt-rj.org.br\/index.php\/wp-json\/wp\/v2\/categories?post=84419"},{"taxonomy":"post_tag","embeddable":true,"href":"https:\/\/pdt-rj.org.br\/index.php\/wp-json\/wp\/v2\/tags?post=84419"}],"curies":[{"name":"wp","href":"https:\/\/api.w.org\/{rel}","templated":true}]}}