{"id":84416,"date":"2025-10-17T15:30:05","date_gmt":"2025-10-17T18:30:05","guid":{"rendered":"https:\/\/pdt-rj.org.br\/?p=84416"},"modified":"2025-10-21T15:32:30","modified_gmt":"2025-10-21T18:32:30","slug":"aprovado-projeto-de-max-lemos-que-destina-1-do-itr-para-capacitar-profissional-do-campo","status":"publish","type":"post","link":"https:\/\/pdt-rj.org.br\/index.php\/aprovado-projeto-de-max-lemos-que-destina-1-do-itr-para-capacitar-profissional-do-campo\/","title":{"rendered":"Aprovado projeto de Max Lemos que destina 1% do ITR para capacitar profissional do campo"},"content":{"rendered":"<p><strong>Objetivo \u00e9 promover boas pr\u00e1ticas agr\u00edcolas e gest\u00e3o sustent\u00e1vel das propriedades<\/strong><\/p>\n<p>Foi aprovado nesta quarta-feira (15), na Comiss\u00e3o de Agricultura, Pecu\u00e1ria, Abastecimento e Desenvolvimento Rura<strong>l,\u00a0<\/strong>o\u00a0<a href=\"https:\/\/www.camara.leg.br\/proposicoesWeb\/prop_mostrarintegra?codteor=3020688&amp;filename=Tramitacao-PL%204805\/2024\">Projeto de Lei 4805\/24<\/a>, do pedetista<strong>\u00a0Max Lemos (RJ)<\/strong>, que destina 1% da arrecada\u00e7\u00e3o do Imposto sobre a Propriedade Territorial Rural (ITR) a programas de qualifica\u00e7\u00e3o profissional no campo.<\/p>\n<p>O objetivo \u00e9 capacitar trabalhadores e propriet\u00e1rios, a fim de promover boas pr\u00e1ticas agr\u00edcolas e gest\u00e3o sustent\u00e1vel das propriedades.<\/p>\n<p>Al\u00e9m disso, a proposta altera a\u00a0<a href=\"https:\/\/www2.camara.gov.br\/legin\/fed\/lei\/1996\/lei-9393-19-dezembro-1996-372239-norma-pl.html\">Lei do ITR<\/a>\u00a0para incluir os t\u00e9cnicos agr\u00edcolas entre os profissionais habilitados \u00e0 elabora\u00e7\u00e3o de laudos t\u00e9cnicos na pol\u00edtica da pol\u00edtica da reforma agr\u00e1ria, conforme os crit\u00e9rios da Associa\u00e7\u00e3o Brasileira de Normas T\u00e9cnicas \u2013 ABNT<\/p>\n<p>De acordo com a lei, para os efeitos de apura\u00e7\u00e3o do ITR ser\u00e1 considerado o valor da terra nua (VTN), o valor do im\u00f3vel, exclu\u00eddos os valores relativos a\u00a0constru\u00e7\u00f5es, instala\u00e7\u00f5es e benfeitorias;\u00a0culturas permanentes e tempor\u00e1rias;\u00a0pastagens cultivadas e melhoradas;\u00a0e florestas plantadas;<\/p>\n<p>As \u00e1reas tribut\u00e1veis e total do im\u00f3vel podem ser demonstradas por laudo e avalia\u00e7\u00e3o elaborado por profissional habilitado, com registro em Anota\u00e7\u00e3o de Responsabilidade T\u00e9cnica (ART) ou Termo de Responsabilidade T\u00e9cnica (TRT), que servir\u00e1 tanto para justificar a retifica\u00e7\u00e3o da declara\u00e7\u00e3o de imposto, como contraprova ao lan\u00e7amento efetuado ou revisto de of\u00edcio pela autoridade administrativa.<\/p>\n<p>O laudo de que trata o projeto ser\u00e1 subscrito por Engenheiro Agr\u00f4nomo ou por T\u00e9cnico Agr\u00edcola com registro no respectivo documento de ART ou TRT. Em caso de fraude ou superavalia\u00e7\u00e3o, os subscritores ser\u00e3o responsabilizados, civil, penal e administrativamente.<\/p>\n<p>Tramita\u00e7\u00e3o: O projeto ainda vai passar pelas comiss\u00f5es de Finan\u00e7as e Tributa\u00e7\u00e3o; e de Constitui\u00e7\u00e3o e Justi\u00e7a e de Cidadania<\/p>\n<!-- AddThis Advanced Settings generic via filter on the_content --><!-- AddThis Share Buttons generic via filter on the_content -->","protected":false},"excerpt":{"rendered":"<p>Objetivo \u00e9 promover boas pr\u00e1ticas agr\u00edcolas e gest\u00e3o sustent\u00e1vel das propriedades Foi aprovado nesta quarta-feira (15), na Comiss\u00e3o de Agricultura, Pecu\u00e1ria, Abastecimento e Desenvolvimento Rural,\u00a0o\u00a0Projeto de Lei 4805\/24, do pedetista\u00a0Max Lemos (RJ), que destina 1% da arrecada\u00e7\u00e3o do Imposto sobre a Propriedade Territorial Rural (ITR) a programas de qualifica\u00e7\u00e3o profissional no campo. O objetivo \u00e9&#8230;<!-- AddThis Advanced Settings generic via filter on wp_trim_excerpt --><!-- AddThis Share Buttons generic via filter on wp_trim_excerpt --><\/p>\n","protected":false},"author":17,"featured_media":84417,"comment_status":"closed","ping_status":"closed","sticky":false,"template":"","format":"standard","meta":{"_monsterinsights_skip_tracking":false,"_monsterinsights_sitenote_active":false,"_monsterinsights_sitenote_note":"","_monsterinsights_sitenote_category":0,"_uf_show_specific_survey":0,"_uf_disable_surveys":false,"footnotes":""},"categories":[1390,1401],"tags":[],"class_list":["post-84416","post","type-post","status-publish","format-standard","has-post-thumbnail","hentry","category-editorias","category-nacional"],"acf":[],"_links":{"self":[{"href":"https:\/\/pdt-rj.org.br\/index.php\/wp-json\/wp\/v2\/posts\/84416","targetHints":{"allow":["GET"]}}],"collection":[{"href":"https:\/\/pdt-rj.org.br\/index.php\/wp-json\/wp\/v2\/posts"}],"about":[{"href":"https:\/\/pdt-rj.org.br\/index.php\/wp-json\/wp\/v2\/types\/post"}],"author":[{"embeddable":true,"href":"https:\/\/pdt-rj.org.br\/index.php\/wp-json\/wp\/v2\/users\/17"}],"replies":[{"embeddable":true,"href":"https:\/\/pdt-rj.org.br\/index.php\/wp-json\/wp\/v2\/comments?post=84416"}],"version-history":[{"count":1,"href":"https:\/\/pdt-rj.org.br\/index.php\/wp-json\/wp\/v2\/posts\/84416\/revisions"}],"predecessor-version":[{"id":84418,"href":"https:\/\/pdt-rj.org.br\/index.php\/wp-json\/wp\/v2\/posts\/84416\/revisions\/84418"}],"wp:featuredmedia":[{"embeddable":true,"href":"https:\/\/pdt-rj.org.br\/index.php\/wp-json\/wp\/v2\/media\/84417"}],"wp:attachment":[{"href":"https:\/\/pdt-rj.org.br\/index.php\/wp-json\/wp\/v2\/media?parent=84416"}],"wp:term":[{"taxonomy":"category","embeddable":true,"href":"https:\/\/pdt-rj.org.br\/index.php\/wp-json\/wp\/v2\/categories?post=84416"},{"taxonomy":"post_tag","embeddable":true,"href":"https:\/\/pdt-rj.org.br\/index.php\/wp-json\/wp\/v2\/tags?post=84416"}],"curies":[{"name":"wp","href":"https:\/\/api.w.org\/{rel}","templated":true}]}}