{"id":84413,"date":"2025-10-17T15:26:52","date_gmt":"2025-10-17T18:26:52","guid":{"rendered":"https:\/\/pdt-rj.org.br\/?p=84413"},"modified":"2025-11-19T12:20:46","modified_gmt":"2025-11-19T15:20:46","slug":"comissao-da-camara-aprova-auxilio-financeiro-para-cuidador-familiar-de-idoso-ou-pessoa-com-deficiencia","status":"publish","type":"post","link":"https:\/\/pdt-rj.org.br\/index.php\/comissao-da-camara-aprova-auxilio-financeiro-para-cuidador-familiar-de-idoso-ou-pessoa-com-deficiencia\/","title":{"rendered":"Comiss\u00e3o da C\u00e2mara aprova aux\u00edlio financeiro para cuidador familiar de idoso ou pessoa com defici\u00eancia"},"content":{"rendered":"<p><strong>Projeto de Lei do pedetista altera a Pol\u00edtica Nacional de Cuidados\u00a0<\/strong><\/p>\n<p>A Comiss\u00e3o de Defesa dos Direitos da Pessoa Idosa aprovou, nesta quarta-feira (15), o\u00a0Projeto de Lei 4091\/24, do\u00a0<strong>deputado Marcos Tavares (PDT-RJ)<\/strong>, que que altera a\u00a0Pol\u00edtica Nacional de Cuidados\u00a0para instituir um aux\u00edlio financeiro de at\u00e9 R$ 600 a cuidadores n\u00e3o remunerados de pessoas idosas ou com defici\u00eancia.<\/p>\n<p>Conforme o texto aprovado, para receber e manter o aux\u00edlio financeiro, os cuidadores n\u00e3o remunerados precisam:<\/p>\n<ul class=\"wp-block-list\">\n<li>cuidar continuamente de uma pessoa idosa ou com defici\u00eancia;<\/li>\n<li>morar na mesma casa que a pessoa de quem cuidam;<\/li>\n<li>n\u00e3o ter um trabalho remunerado que impe\u00e7a o cuidado principal;<\/li>\n<li>estar com o Cadastro \u00danico (Cad\u00danico) atualizado; e<\/li>\n<li>ter uma renda familiar mensal por pessoa de at\u00e9 1\/4 do sal\u00e1rio m\u00ednimo.<\/li>\n<\/ul>\n<p>O aux\u00edlio financeiro ao cuidado n\u00e3o remunerado poder\u00e1 ser acumulado com benef\u00edcios oriundos de programas de transfer\u00eancia de renda, no valor de at\u00e9 1 um sal\u00e1rio m\u00ednimo, garantido o direito de op\u00e7\u00e3o.<\/p>\n<p>Os cuidadores benefici\u00e1rios cuja renda familiar\u00a0<em>per capita<\/em>\u00a0mensal ultrapasse o valor estabelecido poder\u00e3o receber a metade do aux\u00edlio financeiro por at\u00e9 24 meses.<\/p>\n<p>Os gastos decorrentes da medida ser\u00e3o custeados pelas seguintes fontes de recursos:<\/p>\n<ul class=\"wp-block-list\">\n<li>Fundo Nacional de Assist\u00eancia Social;<\/li>\n<li>parcerias com \u00f3rg\u00e3os e entidades do governo;<\/li>\n<li>doa\u00e7\u00f5es de pessoas ou empresas; e<\/li>\n<li>fundos p\u00fablicos com dinheiro extra ou sem uso.<\/li>\n<\/ul>\n<p>Tramita\u00e7\u00e3o: A proposta ser\u00e1 analisada, em car\u00e1ter conclusivo, pelas comiss\u00f5es de Previd\u00eancia, Assist\u00eancia Social, Inf\u00e2ncia, Adolesc\u00eancia e Fam\u00edlia; de Finan\u00e7as e Tributa\u00e7\u00e3o; e de Constitui\u00e7\u00e3o e Justi\u00e7a e de Cidadania.<\/p>\n<!-- AddThis Advanced Settings generic via filter on the_content --><!-- AddThis Share Buttons generic via filter on the_content -->","protected":false},"excerpt":{"rendered":"<p>Projeto de Lei do pedetista altera a Pol\u00edtica Nacional de Cuidados\u00a0 A Comiss\u00e3o de Defesa dos Direitos da Pessoa Idosa aprovou, nesta quarta-feira (15), o\u00a0Projeto de Lei 4091\/24, do\u00a0deputado Marcos Tavares (PDT-RJ), que que altera a\u00a0Pol\u00edtica Nacional de Cuidados\u00a0para instituir um aux\u00edlio financeiro de at\u00e9 R$ 600 a cuidadores n\u00e3o remunerados de pessoas idosas ou&#8230;<!-- AddThis Advanced Settings generic via filter on wp_trim_excerpt --><!-- AddThis Share Buttons generic via filter on wp_trim_excerpt --><\/p>\n","protected":false},"author":17,"featured_media":84414,"comment_status":"closed","ping_status":"closed","sticky":false,"template":"","format":"standard","meta":{"_monsterinsights_skip_tracking":false,"_monsterinsights_sitenote_active":false,"_monsterinsights_sitenote_note":"","_monsterinsights_sitenote_category":0,"_uf_show_specific_survey":0,"_uf_disable_surveys":false,"footnotes":""},"categories":[1390,1401],"tags":[],"class_list":["post-84413","post","type-post","status-publish","format-standard","has-post-thumbnail","hentry","category-editorias","category-nacional"],"acf":[],"_links":{"self":[{"href":"https:\/\/pdt-rj.org.br\/index.php\/wp-json\/wp\/v2\/posts\/84413","targetHints":{"allow":["GET"]}}],"collection":[{"href":"https:\/\/pdt-rj.org.br\/index.php\/wp-json\/wp\/v2\/posts"}],"about":[{"href":"https:\/\/pdt-rj.org.br\/index.php\/wp-json\/wp\/v2\/types\/post"}],"author":[{"embeddable":true,"href":"https:\/\/pdt-rj.org.br\/index.php\/wp-json\/wp\/v2\/users\/17"}],"replies":[{"embeddable":true,"href":"https:\/\/pdt-rj.org.br\/index.php\/wp-json\/wp\/v2\/comments?post=84413"}],"version-history":[{"count":1,"href":"https:\/\/pdt-rj.org.br\/index.php\/wp-json\/wp\/v2\/posts\/84413\/revisions"}],"predecessor-version":[{"id":84415,"href":"https:\/\/pdt-rj.org.br\/index.php\/wp-json\/wp\/v2\/posts\/84413\/revisions\/84415"}],"wp:featuredmedia":[{"embeddable":true,"href":"https:\/\/pdt-rj.org.br\/index.php\/wp-json\/wp\/v2\/media\/84414"}],"wp:attachment":[{"href":"https:\/\/pdt-rj.org.br\/index.php\/wp-json\/wp\/v2\/media?parent=84413"}],"wp:term":[{"taxonomy":"category","embeddable":true,"href":"https:\/\/pdt-rj.org.br\/index.php\/wp-json\/wp\/v2\/categories?post=84413"},{"taxonomy":"post_tag","embeddable":true,"href":"https:\/\/pdt-rj.org.br\/index.php\/wp-json\/wp\/v2\/tags?post=84413"}],"curies":[{"name":"wp","href":"https:\/\/api.w.org\/{rel}","templated":true}]}}