{"id":84402,"date":"2025-10-18T12:56:21","date_gmt":"2025-10-18T15:56:21","guid":{"rendered":"https:\/\/pdt-rj.org.br\/?p=84402"},"modified":"2025-11-19T12:21:32","modified_gmt":"2025-11-19T15:21:32","slug":"norte-fluminense-impulsiona-projeto-eleitoral-do-pdt-para-2026","status":"publish","type":"post","link":"https:\/\/pdt-rj.org.br\/index.php\/norte-fluminense-impulsiona-projeto-eleitoral-do-pdt-para-2026\/","title":{"rendered":"Norte Fluminense impulsiona projeto eleitoral do PDT para 2026"},"content":{"rendered":"<p class=\"p1\"><strong><span class=\"s2\">Com Carlos Lupi, encontro regional re\u00fane lideran\u00e7as estaduais em Campos dos Goytacazes<\/span><\/strong><\/p>\n<p class=\"p1\"><span class=\"s2\">Lideran\u00e7as do estado do Rio de Janeiro prestigiaram, neste s\u00e1bado (18), o Encontro Regional do Norte Fluminense, que impulsionou o projeto eleitoral do PDT para 2026. Promovido em Campos dos Goytacazes, o ato lotou o plen\u00e1rio da C\u00e2mara de Vereadores.<\/span><\/p>\n<p class=\"p1\"><span class=\"s2\">O debate sobre a import\u00e2ncia da expans\u00e3o das bancadas trabalhista na C\u00e2mara dos Deputados e na Assembleia Legislativa contou com contribui\u00e7\u00f5es do presidente nacional do partido, Carlos Lupi; da secret\u00e1ria municipal de Assist\u00eancia Social do Rio de Janeiro, Martha Rocha; do deputado estadual Vitor Junior e do vereador local Leon Gomes, al\u00e9m de representantes dos movimentos sociais. <\/span><\/p>\n<p class=\"p1\"><span class=\"s2\">Confirmando as perspectivas positivas para o partido no estado, bem como no pa\u00eds, Carlos Lupi citou a hist\u00f3ria trabalhista para ratificar o compromisso da sigla com o povo fluminense. <\/span><\/p>\n<p class=\"p1\"><span class=\"s2\">\u201cEstamos, em Campos, no evento organizado pelo vereador Leon para discutir o projeto do PDT para o estado, que \u00e9 forjado na luta para garantir uma vida melhor para todos os cidad\u00e3os. O Norte Fluminense \u00e9 representativo para o Trabalhismo e contribuir\u00e1, de forma decisiva, para a conquista das vagas de deputado federal e estadual. O partido de Brizola est\u00e1 vivo, forte e lutando pelo Brasil\u201d, disse, ao valorizar a participa\u00e7\u00e3o dos movimentos pedetistas a partir da presen\u00e7a do presidente estadual do PDT Diversidade do Rio, Thiago Veras.<\/span><\/p>\n<p><img loading=\"lazy\" decoding=\"async\" class=\"aligncenter size-large wp-image-84405\" src=\"https:\/\/pdt-rj.org.br\/wp-content\/uploads\/2025\/10\/d1f7fa30-8e87-41ca-bcff-37482be2e8dd-1024x768.jpeg\" alt=\"\" width=\"640\" height=\"480\" srcset=\"https:\/\/pdt-rj.org.br\/wp-content\/uploads\/2025\/10\/d1f7fa30-8e87-41ca-bcff-37482be2e8dd.jpeg 1024w, https:\/\/pdt-rj.org.br\/wp-content\/uploads\/2025\/10\/d1f7fa30-8e87-41ca-bcff-37482be2e8dd-300x225.jpeg 300w, https:\/\/pdt-rj.org.br\/wp-content\/uploads\/2025\/10\/d1f7fa30-8e87-41ca-bcff-37482be2e8dd-100x75.jpeg 100w, https:\/\/pdt-rj.org.br\/wp-content\/uploads\/2025\/10\/d1f7fa30-8e87-41ca-bcff-37482be2e8dd-768x576.jpeg 768w, https:\/\/pdt-rj.org.br\/wp-content\/uploads\/2025\/10\/d1f7fa30-8e87-41ca-bcff-37482be2e8dd-120x90.jpeg 120w\" sizes=\"auto, (max-width: 640px) 100vw, 640px\" \/><\/p>\n<p class=\"p1\"><span class=\"s2\">Martha Rocha destacou o compromisso de construir um PDT forte ao projetar a elei\u00e7\u00e3o de quatros parlamentares na C\u00e2mara Federal. <\/span><\/p>\n<p class=\"p1\"><span class=\"s2\">\u201cN\u00f3s somos um partido org\u00e2nico, temos hist\u00f3ria e vamos construir um futuro. Vamos romper a cl\u00e1usula de barreira e dobrar o n\u00famero de deputados federais. Para isso, temos pr\u00e9-candidatos candidatos comprometidos em todo o pa\u00eds. N\u00e3o nos falta coragem e compet\u00eancia\u201d, afirmou. <\/span><\/p>\n<p class=\"p1\"><span class=\"s2\"><img loading=\"lazy\" decoding=\"async\" class=\"aligncenter size-large wp-image-84406\" src=\"https:\/\/pdt-rj.org.br\/wp-content\/uploads\/2025\/10\/c609810d-86fe-412d-a2b3-2564081590bc-1024x768.jpeg\" alt=\"\" width=\"640\" height=\"480\" srcset=\"https:\/\/pdt-rj.org.br\/wp-content\/uploads\/2025\/10\/c609810d-86fe-412d-a2b3-2564081590bc-scaled.jpeg 1024w, https:\/\/pdt-rj.org.br\/wp-content\/uploads\/2025\/10\/c609810d-86fe-412d-a2b3-2564081590bc-scaled-300x225.jpeg 300w, https:\/\/pdt-rj.org.br\/wp-content\/uploads\/2025\/10\/c609810d-86fe-412d-a2b3-2564081590bc-scaled-100x75.jpeg 100w, https:\/\/pdt-rj.org.br\/wp-content\/uploads\/2025\/10\/c609810d-86fe-412d-a2b3-2564081590bc-768x576.jpeg 768w, https:\/\/pdt-rj.org.br\/wp-content\/uploads\/2025\/10\/c609810d-86fe-412d-a2b3-2564081590bc-1536x1152.jpeg 1536w, https:\/\/pdt-rj.org.br\/wp-content\/uploads\/2025\/10\/c609810d-86fe-412d-a2b3-2564081590bc-2048x1536.jpeg 2048w, https:\/\/pdt-rj.org.br\/wp-content\/uploads\/2025\/10\/c609810d-86fe-412d-a2b3-2564081590bc-scaled-120x90.jpeg 120w\" sizes=\"auto, (max-width: 640px) 100vw, 640px\" \/><br \/>\nSegundo Vitor Junior, o PDT est\u00e1 atuante em todo o estado para entender o que o povo precisa e trazer futuro e esperan\u00e7a para todo o Rio. <\/span><\/p>\n<p class=\"p1\"><span class=\"s2\">\u201cA gente entende que a pol\u00edtica se faz com uni\u00e3o para construir as pol\u00edticas p\u00fablicas que a sociedade precisa. \u00c9 um trabalho permanente para construir o futuro das nossas cidades\u201d, avaliou.<\/span><\/p>\n<p class=\"p1\"><span class=\"s2\">Vice-presidente do PDT na Regi\u00e3o Norte, Leon enfatizou a import\u00e2ncia das pol\u00edticas p\u00fablicas e a contribui\u00e7\u00e3o do PDT para contribuir com a transforma\u00e7\u00e3o da sociedade. <\/span><\/p>\n<p class=\"p1\"><span class=\"s2\">\u201cMobilizamos lideran\u00e7as para tratarmos de pautas fundamentais para o estado e o partido, como a prote\u00e7\u00e3o dos direitos das pessoas com Transtorno do Espectro Autista, que inclui a educa\u00e7\u00e3o inclusiva. S\u00e3o momentos como esse que fazem a democracia acontecer\u201d, encerrou.<\/span><\/p>\n<!-- AddThis Advanced Settings generic via filter on the_content --><!-- AddThis Share Buttons generic via filter on the_content -->","protected":false},"excerpt":{"rendered":"<p>Com Carlos Lupi, encontro regional re\u00fane lideran\u00e7as estaduais em Campos dos Goytacazes Lideran\u00e7as do estado do Rio de Janeiro prestigiaram, neste s\u00e1bado (18), o Encontro Regional do Norte Fluminense, que impulsionou o projeto eleitoral do PDT para 2026. Promovido em Campos dos Goytacazes, o ato lotou o plen\u00e1rio da C\u00e2mara de Vereadores. O debate sobre&#8230;<!-- AddThis Advanced Settings generic via filter on wp_trim_excerpt --><!-- AddThis Share Buttons generic via filter on wp_trim_excerpt --><\/p>\n","protected":false},"author":17,"featured_media":84404,"comment_status":"closed","ping_status":"closed","sticky":false,"template":"","format":"standard","meta":{"_monsterinsights_skip_tracking":false,"_monsterinsights_sitenote_active":false,"_monsterinsights_sitenote_note":"","_monsterinsights_sitenote_category":0,"_uf_show_specific_survey":0,"_uf_disable_surveys":false,"footnotes":""},"categories":[1390,1402],"tags":[],"class_list":["post-84402","post","type-post","status-publish","format-standard","has-post-thumbnail","hentry","category-editorias","category-cidades"],"acf":[],"_links":{"self":[{"href":"https:\/\/pdt-rj.org.br\/index.php\/wp-json\/wp\/v2\/posts\/84402","targetHints":{"allow":["GET"]}}],"collection":[{"href":"https:\/\/pdt-rj.org.br\/index.php\/wp-json\/wp\/v2\/posts"}],"about":[{"href":"https:\/\/pdt-rj.org.br\/index.php\/wp-json\/wp\/v2\/types\/post"}],"author":[{"embeddable":true,"href":"https:\/\/pdt-rj.org.br\/index.php\/wp-json\/wp\/v2\/users\/17"}],"replies":[{"embeddable":true,"href":"https:\/\/pdt-rj.org.br\/index.php\/wp-json\/wp\/v2\/comments?post=84402"}],"version-history":[{"count":6,"href":"https:\/\/pdt-rj.org.br\/index.php\/wp-json\/wp\/v2\/posts\/84402\/revisions"}],"predecessor-version":[{"id":84423,"href":"https:\/\/pdt-rj.org.br\/index.php\/wp-json\/wp\/v2\/posts\/84402\/revisions\/84423"}],"wp:featuredmedia":[{"embeddable":true,"href":"https:\/\/pdt-rj.org.br\/index.php\/wp-json\/wp\/v2\/media\/84404"}],"wp:attachment":[{"href":"https:\/\/pdt-rj.org.br\/index.php\/wp-json\/wp\/v2\/media?parent=84402"}],"wp:term":[{"taxonomy":"category","embeddable":true,"href":"https:\/\/pdt-rj.org.br\/index.php\/wp-json\/wp\/v2\/categories?post=84402"},{"taxonomy":"post_tag","embeddable":true,"href":"https:\/\/pdt-rj.org.br\/index.php\/wp-json\/wp\/v2\/tags?post=84402"}],"curies":[{"name":"wp","href":"https:\/\/api.w.org\/{rel}","templated":true}]}}