{"id":84396,"date":"2025-10-12T20:07:49","date_gmt":"2025-10-12T23:07:49","guid":{"rendered":"https:\/\/pdt-rj.org.br\/?p=84396"},"modified":"2025-10-24T21:42:17","modified_gmt":"2025-10-25T00:42:17","slug":"zito-oficializa-retorno-ao-pdt-durante-ato-em-duque-de-caxias","status":"publish","type":"post","link":"https:\/\/pdt-rj.org.br\/index.php\/zito-oficializa-retorno-ao-pdt-durante-ato-em-duque-de-caxias\/","title":{"rendered":"Zito oficializa retorno ao PDT durante ato em Duque de Caxias"},"content":{"rendered":"<p class=\"p1\"><strong><span class=\"s1\">Rodrigo Neves, Marcos Tavares e Miro Teixeira prestigiam ex-prefeito da Baixada Fluminense<\/span><\/strong><\/p>\n<p class=\"p1\"><span class=\"s1\">O ex-prefeito de Duque de Caxias Zito oficializou, neste domingo (12), o retorno ao PDT. Realizado na Pra\u00e7a Humait\u00e1, o evento reuniu lideran\u00e7as estaduais e nacionais do partido, incluindo o prefeito de Niter\u00f3i, Rodrigo Neves, o deputado federal Marcos Tavares, o ex-deputado federal e pr\u00e9-candidato ao Senado, Miro Teixeira, al\u00e9m de vereadores e aliados locais.<\/span><\/p>\n<p class=\"p1\"><span class=\"s1\">Para Zito, o ato marca o \u201cin\u00edcio de uma nova jornada\u201d para a reconstru\u00e7\u00e3o do munic\u00edpio da Baixada Fluminense.<\/span><\/p>\n<p class=\"p1\"><span class=\"s1\">\u201cEste \u00e9 um dia que ficar\u00e1 marcado na minha hist\u00f3ria. Foi um grito de esperan\u00e7a dos profissionais da educa\u00e7\u00e3o, das pessoas que vivem com medo da viol\u00eancia em nossa cidade e que sonham com um futuro melhor para Duque de Caxias\u201d, afirmou.<\/span><\/p>\n<p class=\"p1\"><span class=\"s1\">\u201cReafirmo aqui o meu compromisso com cada um de voc\u00eas. Vamos juntos, com coragem, esperan\u00e7a e vontade de transformar\u201d, encerrou.<\/span><\/p>\n<p class=\"p1\"><span class=\"s1\">Com informa\u00e7\u00f5es do portal Agenda do Poder. <\/span><\/p>\n<!-- AddThis Advanced Settings generic via filter on the_content --><!-- AddThis Share Buttons generic via filter on the_content -->","protected":false},"excerpt":{"rendered":"<p>Rodrigo Neves, Marcos Tavares e Miro Teixeira prestigiam ex-prefeito da Baixada Fluminense O ex-prefeito de Duque de Caxias Zito oficializou, neste domingo (12), o retorno ao PDT. Realizado na Pra\u00e7a Humait\u00e1, o evento reuniu lideran\u00e7as estaduais e nacionais do partido, incluindo o prefeito de Niter\u00f3i, Rodrigo Neves, o deputado federal Marcos Tavares, o ex-deputado federal&#8230;<!-- AddThis Advanced Settings generic via filter on wp_trim_excerpt --><!-- AddThis Share Buttons generic via filter on wp_trim_excerpt --><\/p>\n","protected":false},"author":17,"featured_media":84398,"comment_status":"closed","ping_status":"closed","sticky":false,"template":"","format":"standard","meta":{"_monsterinsights_skip_tracking":false,"_monsterinsights_sitenote_active":false,"_monsterinsights_sitenote_note":"","_monsterinsights_sitenote_category":0,"_uf_show_specific_survey":0,"_uf_disable_surveys":false,"footnotes":""},"categories":[1390,5414,977],"tags":[],"class_list":["post-84396","post","type-post","status-publish","format-standard","has-post-thumbnail","hentry","category-editorias","category-estado","category-sem-categoria"],"acf":[],"_links":{"self":[{"href":"https:\/\/pdt-rj.org.br\/index.php\/wp-json\/wp\/v2\/posts\/84396","targetHints":{"allow":["GET"]}}],"collection":[{"href":"https:\/\/pdt-rj.org.br\/index.php\/wp-json\/wp\/v2\/posts"}],"about":[{"href":"https:\/\/pdt-rj.org.br\/index.php\/wp-json\/wp\/v2\/types\/post"}],"author":[{"embeddable":true,"href":"https:\/\/pdt-rj.org.br\/index.php\/wp-json\/wp\/v2\/users\/17"}],"replies":[{"embeddable":true,"href":"https:\/\/pdt-rj.org.br\/index.php\/wp-json\/wp\/v2\/comments?post=84396"}],"version-history":[{"count":2,"href":"https:\/\/pdt-rj.org.br\/index.php\/wp-json\/wp\/v2\/posts\/84396\/revisions"}],"predecessor-version":[{"id":84412,"href":"https:\/\/pdt-rj.org.br\/index.php\/wp-json\/wp\/v2\/posts\/84396\/revisions\/84412"}],"wp:featuredmedia":[{"embeddable":true,"href":"https:\/\/pdt-rj.org.br\/index.php\/wp-json\/wp\/v2\/media\/84398"}],"wp:attachment":[{"href":"https:\/\/pdt-rj.org.br\/index.php\/wp-json\/wp\/v2\/media?parent=84396"}],"wp:term":[{"taxonomy":"category","embeddable":true,"href":"https:\/\/pdt-rj.org.br\/index.php\/wp-json\/wp\/v2\/categories?post=84396"},{"taxonomy":"post_tag","embeddable":true,"href":"https:\/\/pdt-rj.org.br\/index.php\/wp-json\/wp\/v2\/tags?post=84396"}],"curies":[{"name":"wp","href":"https:\/\/api.w.org\/{rel}","templated":true}]}}