{"id":84392,"date":"2025-10-09T11:53:43","date_gmt":"2025-10-09T14:53:43","guid":{"rendered":"https:\/\/pdt-rj.org.br\/?p=84392"},"modified":"2025-11-19T11:42:47","modified_gmt":"2025-11-19T14:42:47","slug":"gestao-pedetista-de-niteroi-esta-entre-as-melhores-do-pais","status":"publish","type":"post","link":"https:\/\/pdt-rj.org.br\/index.php\/gestao-pedetista-de-niteroi-esta-entre-as-melhores-do-pais\/","title":{"rendered":"Gest\u00e3o pedetista de Niter\u00f3i est\u00e1 entre as melhores do pa\u00eds"},"content":{"rendered":"<h3><em>Munic\u00edpio conquista 1\u00ba lugar na etapa estadual do Pr\u00eamio Band Cidades Excelentes<\/em><\/h3>\n<p>Pelo quarto ano consecutivo, sob lideran\u00e7a pedetista, Niter\u00f3i confirma sua refer\u00eancia em gest\u00e3o p\u00fablica e volta a ser destaque entre as melhores administra\u00e7\u00f5es do pa\u00eds. Com o prefeito Rodrigo Neves (PDT-RJ) \u00e0 frente, o munic\u00edpio conquistou o primeiro lugar na categoria principal do Pr\u00eamio Band Cidades Excelentes, etapa estadual, al\u00e9m de vencer no eixo Desenvolvimento Socioecon\u00f4mico e Ordem P\u00fablica.<\/p>\n<p>A premia\u00e7\u00e3o, realizada nesta ter\u00e7a-feira (7), no audit\u00f3rio da Fecom\u00e9rcio, no Rio de Janeiro, refor\u00e7a a consist\u00eancia da gest\u00e3o pedetista, marcada por planejamento, transpar\u00eancia e resultados concretos. Avaliada entre as cidades com mais de 100 mil habitantes, Niter\u00f3i volta a representar o Rio de Janeiro na disputa nacional do pr\u00eamio, que acontece no fim deste ano.<\/p>\n<p>Representando o prefeito, a vice-prefeita Isabel Swan recebeu o reconhecimento e destacou o compromisso da equipe com o futuro da cidade.<\/p>\n<p>\u201cQuero agradecer ao nosso time em Niter\u00f3i, capitaneado pelo prefeito Rodrigo Neves, que faz com que todas as secretarias tenham um norte muito definido e todos se comprometam com as metas. J\u00e1 temos um planejamento para 2050, com escuta permanente da popula\u00e7\u00e3o. Niter\u00f3i est\u00e1 sempre avan\u00e7ando, fazendo pol\u00edtica p\u00fablica de qualidade e servindo de inspira\u00e7\u00e3o para o Brasil\u201d, afirmou Isabel.<\/p>\n<p>O secret\u00e1rio executivo Felipe Peixoto tamb\u00e9m celebrou a conquista.<\/p>\n<p>\u201c\u00c9 uma grande conquista. S\u00e3o dois pr\u00eamios muito importantes para a nossa cidade. Agora, vamos em busca da vit\u00f3ria nacional\u201d, disse.<\/p>\n<p>Em sua quinta edi\u00e7\u00e3o, o Pr\u00eamio Band Cidades Excelentes, iniciativa do Grupo Bandeirantes em parceria com o Instituto Aquila, avalia 71 indicadores do \u00cdndice de Gest\u00e3o Municipal Aquila (IGMA), que mede a efici\u00eancia das administra\u00e7\u00f5es em seis pilares: Governan\u00e7a, Efici\u00eancia Fiscal e Transpar\u00eancia; Educa\u00e7\u00e3o; Sa\u00fade e Bem-Estar; Infraestrutura e Mobilidade Urbana; Sustentabilidade; e Desenvolvimento Socioecon\u00f4mico e Ordem P\u00fablica.<\/p>\n<p>O reconhecimento reafirma o modelo de gest\u00e3o respons\u00e1vel e participativa adotado por Niter\u00f3i, que se tornou refer\u00eancia nacional em inova\u00e7\u00e3o administrativa e qualidade dos servi\u00e7os p\u00fablicos \u2014 marca da tradi\u00e7\u00e3o trabalhista e do compromisso do PDT com a boa governan\u00e7a.<\/p>\n<!-- AddThis Advanced Settings generic via filter on the_content --><!-- AddThis Share Buttons generic via filter on the_content -->","protected":false},"excerpt":{"rendered":"<p>Munic\u00edpio conquista 1\u00ba lugar na etapa estadual do Pr\u00eamio Band Cidades Excelentes Pelo quarto ano consecutivo, sob lideran\u00e7a pedetista, Niter\u00f3i confirma sua refer\u00eancia em gest\u00e3o p\u00fablica e volta a ser destaque entre as melhores administra\u00e7\u00f5es do pa\u00eds. Com o prefeito Rodrigo Neves (PDT-RJ) \u00e0 frente, o munic\u00edpio conquistou o primeiro lugar na categoria principal do&#8230;<!-- AddThis Advanced Settings generic via filter on wp_trim_excerpt --><!-- AddThis Share Buttons generic via filter on wp_trim_excerpt --><\/p>\n","protected":false},"author":17,"featured_media":84393,"comment_status":"closed","ping_status":"closed","sticky":false,"template":"","format":"standard","meta":{"_monsterinsights_skip_tracking":false,"_monsterinsights_sitenote_active":false,"_monsterinsights_sitenote_note":"","_monsterinsights_sitenote_category":0,"_uf_show_specific_survey":0,"_uf_disable_surveys":false,"footnotes":""},"categories":[1390,1402],"tags":[],"class_list":["post-84392","post","type-post","status-publish","format-standard","has-post-thumbnail","hentry","category-editorias","category-cidades"],"acf":[],"_links":{"self":[{"href":"https:\/\/pdt-rj.org.br\/index.php\/wp-json\/wp\/v2\/posts\/84392","targetHints":{"allow":["GET"]}}],"collection":[{"href":"https:\/\/pdt-rj.org.br\/index.php\/wp-json\/wp\/v2\/posts"}],"about":[{"href":"https:\/\/pdt-rj.org.br\/index.php\/wp-json\/wp\/v2\/types\/post"}],"author":[{"embeddable":true,"href":"https:\/\/pdt-rj.org.br\/index.php\/wp-json\/wp\/v2\/users\/17"}],"replies":[{"embeddable":true,"href":"https:\/\/pdt-rj.org.br\/index.php\/wp-json\/wp\/v2\/comments?post=84392"}],"version-history":[{"count":1,"href":"https:\/\/pdt-rj.org.br\/index.php\/wp-json\/wp\/v2\/posts\/84392\/revisions"}],"predecessor-version":[{"id":84394,"href":"https:\/\/pdt-rj.org.br\/index.php\/wp-json\/wp\/v2\/posts\/84392\/revisions\/84394"}],"wp:featuredmedia":[{"embeddable":true,"href":"https:\/\/pdt-rj.org.br\/index.php\/wp-json\/wp\/v2\/media\/84393"}],"wp:attachment":[{"href":"https:\/\/pdt-rj.org.br\/index.php\/wp-json\/wp\/v2\/media?parent=84392"}],"wp:term":[{"taxonomy":"category","embeddable":true,"href":"https:\/\/pdt-rj.org.br\/index.php\/wp-json\/wp\/v2\/categories?post=84392"},{"taxonomy":"post_tag","embeddable":true,"href":"https:\/\/pdt-rj.org.br\/index.php\/wp-json\/wp\/v2\/tags?post=84392"}],"curies":[{"name":"wp","href":"https:\/\/api.w.org\/{rel}","templated":true}]}}