{"id":84389,"date":"2025-10-09T11:50:36","date_gmt":"2025-10-09T14:50:36","guid":{"rendered":"https:\/\/pdt-rj.org.br\/?p=84389"},"modified":"2025-10-21T15:33:24","modified_gmt":"2025-10-21T18:33:24","slug":"na-internacional-socialista-carlos-lupi-valoriza-integracao-das-estrategias-de-comunicacao-dos-partidos","status":"publish","type":"post","link":"https:\/\/pdt-rj.org.br\/index.php\/na-internacional-socialista-carlos-lupi-valoriza-integracao-das-estrategias-de-comunicacao-dos-partidos\/","title":{"rendered":"Na Internacional Socialista, Carlos Lupi valoriza integra\u00e7\u00e3o das estrat\u00e9gias de comunica\u00e7\u00e3o dos partidos"},"content":{"rendered":"<p><strong><em>Presidente nacional do PDT participa, na Espanha, de f\u00f3rum sobre planejamento em n\u00edveis regional e global<\/em><\/strong><\/p>\n<p>O vice-presidente mundial da Internacional Socialista (IS) e presidente nacional do PDT, Carlos Lupi, participou nesta quinta-feira (9), em Madri, na Espanha, de um f\u00f3rum sobre o planejamento de aprimoramento da comunica\u00e7\u00e3o dos partidos membros. O encontro faz parte da programa\u00e7\u00e3o vinculada \u00e0 reuni\u00e3o da c\u00fapula mundial da organiza\u00e7\u00e3o, que ocorrer\u00e1 nesta sexta-feira (10) com a presen\u00e7a do presidente da IS e primeiro-ministro espanhol, Pedro S\u00e1nchez.<\/p>\n<p>Durante o encontro, que \u00e9 promovido pelo Partido Socialista Oper\u00e1rio Espanhol (PSOE), Lupi abordou, em conjunto com a secret\u00e1ria-geral da IS, Chantal Kambina, e com o vice-presidente da entidade no Uruguai, Rafael Michelini, a import\u00e2ncia do alinhamento das mensagens e estrat\u00e9gias para potencializar a atua\u00e7\u00e3o em n\u00edveis regional e global.<\/p>\n<p>\u201cA comunica\u00e7\u00e3o passou por grandes transforma\u00e7\u00f5es nas \u00faltimas d\u00e9cadas e virou ferramenta acess\u00edvel a todos. A Internacional Socialista est\u00e1 presente para fortalecer os meios e formas de dialogar com o p\u00fablico e enfrentar a onda de desinforma\u00e7\u00e3o que a extrema-direita espalha pelo mundo\u201d, afirmou.<\/p>\n<p>\u201cNo Brasil, Jair Bolsonaro simboliza o perigo que o uso indevido de canais de comunica\u00e7\u00e3o pode gerar nos regimes democr\u00e1ticos. Espalhando fake news, chegaram ao ponto de tentar um golpe de Estado. Combativo, o PDT refor\u00e7ou os pilares da democracia e tornou o ex-presidente ineleg\u00edvel. O pr\u00f3ximo passo \u00e9 o Judici\u00e1rio confirmar a sua condena\u00e7\u00e3o e a consequente pris\u00e3o\u201d,\u00a0acrescentou.<\/p>\n<!-- AddThis Advanced Settings generic via filter on the_content --><!-- AddThis Share Buttons generic via filter on the_content -->","protected":false},"excerpt":{"rendered":"<p>Presidente nacional do PDT participa, na Espanha, de f\u00f3rum sobre planejamento em n\u00edveis regional e global O vice-presidente mundial da Internacional Socialista (IS) e presidente nacional do PDT, Carlos Lupi, participou nesta quinta-feira (9), em Madri, na Espanha, de um f\u00f3rum sobre o planejamento de aprimoramento da comunica\u00e7\u00e3o dos partidos membros. O encontro faz parte&#8230;<!-- AddThis Advanced Settings generic via filter on wp_trim_excerpt --><!-- AddThis Share Buttons generic via filter on wp_trim_excerpt --><\/p>\n","protected":false},"author":17,"featured_media":84390,"comment_status":"closed","ping_status":"closed","sticky":false,"template":"","format":"standard","meta":{"_monsterinsights_skip_tracking":false,"_monsterinsights_sitenote_active":false,"_monsterinsights_sitenote_note":"","_monsterinsights_sitenote_category":0,"_uf_show_specific_survey":0,"_uf_disable_surveys":false,"footnotes":""},"categories":[1390,1401],"tags":[],"class_list":["post-84389","post","type-post","status-publish","format-standard","has-post-thumbnail","hentry","category-editorias","category-nacional"],"acf":[],"_links":{"self":[{"href":"https:\/\/pdt-rj.org.br\/index.php\/wp-json\/wp\/v2\/posts\/84389","targetHints":{"allow":["GET"]}}],"collection":[{"href":"https:\/\/pdt-rj.org.br\/index.php\/wp-json\/wp\/v2\/posts"}],"about":[{"href":"https:\/\/pdt-rj.org.br\/index.php\/wp-json\/wp\/v2\/types\/post"}],"author":[{"embeddable":true,"href":"https:\/\/pdt-rj.org.br\/index.php\/wp-json\/wp\/v2\/users\/17"}],"replies":[{"embeddable":true,"href":"https:\/\/pdt-rj.org.br\/index.php\/wp-json\/wp\/v2\/comments?post=84389"}],"version-history":[{"count":2,"href":"https:\/\/pdt-rj.org.br\/index.php\/wp-json\/wp\/v2\/posts\/84389\/revisions"}],"predecessor-version":[{"id":84400,"href":"https:\/\/pdt-rj.org.br\/index.php\/wp-json\/wp\/v2\/posts\/84389\/revisions\/84400"}],"wp:featuredmedia":[{"embeddable":true,"href":"https:\/\/pdt-rj.org.br\/index.php\/wp-json\/wp\/v2\/media\/84390"}],"wp:attachment":[{"href":"https:\/\/pdt-rj.org.br\/index.php\/wp-json\/wp\/v2\/media?parent=84389"}],"wp:term":[{"taxonomy":"category","embeddable":true,"href":"https:\/\/pdt-rj.org.br\/index.php\/wp-json\/wp\/v2\/categories?post=84389"},{"taxonomy":"post_tag","embeddable":true,"href":"https:\/\/pdt-rj.org.br\/index.php\/wp-json\/wp\/v2\/tags?post=84389"}],"curies":[{"name":"wp","href":"https:\/\/api.w.org\/{rel}","templated":true}]}}