{"id":84385,"date":"2025-10-03T11:29:51","date_gmt":"2025-10-03T14:29:51","guid":{"rendered":"https:\/\/pdt-rj.org.br\/?p=84385"},"modified":"2025-10-27T21:21:03","modified_gmt":"2025-10-28T00:21:03","slug":"precisamos-de-um-choque-de-humanidade-por-martha-rocha","status":"publish","type":"post","link":"https:\/\/pdt-rj.org.br\/index.php\/precisamos-de-um-choque-de-humanidade-por-martha-rocha\/","title":{"rendered":"&#8220;Precisamos de um choque de humanidade&#8221;, por Martha Rocha"},"content":{"rendered":"<p><strong>O acolhimento institucional d\u00e1 resultado, mas tirar algu\u00e9m da rua est\u00e1 longe de ser simples<\/strong><\/p>\n<p>Entre os muitos desafios da assist\u00eancia social, o cuidado com pessoas em situa\u00e7\u00e3o de rua \u00e9 o que mais nos aflige. Nosso desafio \u00e9 construir pol\u00edticas p\u00fablicas e envolver a sociedade na cria\u00e7\u00e3o de caminhos que ofere\u00e7am op\u00e7\u00f5es reais de sa\u00edda. Uma dessas op\u00e7\u00f5es \u00e9 o acolhimento institucional. Mas n\u00e3o se trata apenas de oferecer um abrigo: significa garantir acesso \u00e0 sa\u00fade, educa\u00e7\u00e3o e trabalho, promovendo cidadania e autonomia \u2014 passos fundamentais para que a pessoa possa, no futuro, n\u00e3o depender mais da rede de apoio.<\/p>\n<p>Costumo dizer que a porta principal de sa\u00edda da rua \u00e9 o emprego. Outro dia, na Secretaria Municipal de Assist\u00eancia Social , formamos, com a iniciativa privada, uma turma de chaveiros. Nossos acolhidos aprenderam o of\u00edcio, e tem uma turma j\u00e1 empregada. O tempo todo procuramos empresas para firmar parcerias.<\/p>\n<p>Em a\u00e7\u00f5es de forma\u00e7\u00e3o e qualifica\u00e7\u00e3o profissional que mantemos, h\u00e1 tamb\u00e9m hist\u00f3rias de motoristas, balconistas, gar\u00e7ons. Gente que chega da rua sem documento e que, ao ser acolhida, recebe ajuda para tirar carteira de identidade e de trabalho. A partir da\u00ed, \u00e9 orientada sobre como obter benef\u00edcios sociais, estudar e se qualificar. Temos, inclusive, educadores sociais trabalhando conosco que j\u00e1 estiveram do outro lado, em situa\u00e7\u00e3o de rua.<\/p>\n<p>Um exemplo vem do Espa\u00e7o Betinho de Assist\u00eancia, homenagem ao inesquec\u00edvel Herbert de Souza. Os acolhidos aprendem a fazer curr\u00edculo e t\u00eam dicas de como agir em entrevistas de emprego, para onde v\u00e3o com roupas fornecidas pelo albergue. Na entrada do espa\u00e7o, h\u00e1 um quadro de classificados para que eles enxerguem o futuro. No momento, 25 usu\u00e1rios est\u00e3o empregados.<\/p>\n<p>O acolhimento institucional d\u00e1 resultado, mas tirar algu\u00e9m da rua est\u00e1 longe de ser simples. Por lei, ele n\u00e3o pode ser imposto \u2014 depende de a pessoa em situa\u00e7\u00e3o de rua aceitar o convite. Muitas, por\u00e9m, carregam desconfian\u00e7as. Para vencer essas resist\u00eancias, temos colocado em pr\u00e1tica o que chamo de \u201cchoque de humanidade\u201d: investir ainda mais na qualifica\u00e7\u00e3o dos educadores sociais, essenciais para, com escuta e paci\u00eancia, criar v\u00ednculos e construir um caminho at\u00e9 o convencimento.<\/p>\n<p>Retiramos profissionais de fun\u00e7\u00f5es administrativas para refor\u00e7ar a busca ativa por pessoas em vulnerabilidade. Criamos dez Polos de Abordagem Social, espalhados por diversos bairros, para ampliar e fortalecer um servi\u00e7o que j\u00e1 funciona 24 horas por dia, sete dias por semana. No primeiro semestre de 2025, o n\u00famero de acolhimentos cresceu 261% em rela\u00e7\u00e3o ao mesmo per\u00edodo de 2024: foram 22.946 \u2014 lembrando que uma mesma pessoa pode ser acolhida mais de uma vez. Nesse per\u00edodo, ampliamos a rede com 250 novas vagas permanentes e 160 tempor\u00e1rias, para atender \u00e0 demanda do rigor do inverno.<\/p>\n<div class=\"texto\">Estamos inventando a roda? Certamente que n\u00e3o. Com m\u00e9todo e gest\u00e3o, estamos aperfei\u00e7oando a miss\u00e3o de tirar da invisibilidade aqueles que, muitas vezes, passam despercebidos. \u00c9 preciso enxergar essas pessoas para al\u00e9m dos r\u00f3tulos. E o maior apoio que podemos oferecer \u00e9 criar chances reais para que deixem as ruas para tr\u00e1s.<\/div>\n<div><\/div>\n<div class=\"texto\"><strong>Martha Rocha \u00e9 Secretaria Municipal de Assist\u00eancia Social e deputada estadual licenciada.<\/strong><\/div>\n<!-- AddThis Advanced Settings generic via filter on the_content --><!-- AddThis Share Buttons generic via filter on the_content -->","protected":false},"excerpt":{"rendered":"<p>O acolhimento institucional d\u00e1 resultado, mas tirar algu\u00e9m da rua est\u00e1 longe de ser simples Entre os muitos desafios da assist\u00eancia social, o cuidado com pessoas em situa\u00e7\u00e3o de rua \u00e9 o que mais nos aflige. Nosso desafio \u00e9 construir pol\u00edticas p\u00fablicas e envolver a sociedade na cria\u00e7\u00e3o de caminhos que ofere\u00e7am op\u00e7\u00f5es reais de&#8230;<!-- AddThis Advanced Settings generic via filter on wp_trim_excerpt --><!-- AddThis Share Buttons generic via filter on wp_trim_excerpt --><\/p>\n","protected":false},"author":17,"featured_media":84386,"comment_status":"closed","ping_status":"closed","sticky":false,"template":"","format":"standard","meta":{"_monsterinsights_skip_tracking":false,"_monsterinsights_sitenote_active":false,"_monsterinsights_sitenote_note":"","_monsterinsights_sitenote_category":0,"_uf_show_specific_survey":0,"_uf_disable_surveys":false,"footnotes":""},"categories":[1584,1390],"tags":[],"class_list":["post-84385","post","type-post","status-publish","format-standard","has-post-thumbnail","hentry","category-artigos","category-editorias"],"acf":[],"_links":{"self":[{"href":"https:\/\/pdt-rj.org.br\/index.php\/wp-json\/wp\/v2\/posts\/84385","targetHints":{"allow":["GET"]}}],"collection":[{"href":"https:\/\/pdt-rj.org.br\/index.php\/wp-json\/wp\/v2\/posts"}],"about":[{"href":"https:\/\/pdt-rj.org.br\/index.php\/wp-json\/wp\/v2\/types\/post"}],"author":[{"embeddable":true,"href":"https:\/\/pdt-rj.org.br\/index.php\/wp-json\/wp\/v2\/users\/17"}],"replies":[{"embeddable":true,"href":"https:\/\/pdt-rj.org.br\/index.php\/wp-json\/wp\/v2\/comments?post=84385"}],"version-history":[{"count":1,"href":"https:\/\/pdt-rj.org.br\/index.php\/wp-json\/wp\/v2\/posts\/84385\/revisions"}],"predecessor-version":[{"id":84387,"href":"https:\/\/pdt-rj.org.br\/index.php\/wp-json\/wp\/v2\/posts\/84385\/revisions\/84387"}],"wp:featuredmedia":[{"embeddable":true,"href":"https:\/\/pdt-rj.org.br\/index.php\/wp-json\/wp\/v2\/media\/84386"}],"wp:attachment":[{"href":"https:\/\/pdt-rj.org.br\/index.php\/wp-json\/wp\/v2\/media?parent=84385"}],"wp:term":[{"taxonomy":"category","embeddable":true,"href":"https:\/\/pdt-rj.org.br\/index.php\/wp-json\/wp\/v2\/categories?post=84385"},{"taxonomy":"post_tag","embeddable":true,"href":"https:\/\/pdt-rj.org.br\/index.php\/wp-json\/wp\/v2\/tags?post=84385"}],"curies":[{"name":"wp","href":"https:\/\/api.w.org\/{rel}","templated":true}]}}