{"id":84377,"date":"2025-09-26T20:25:04","date_gmt":"2025-09-26T23:25:04","guid":{"rendered":"https:\/\/pdt-rj.org.br\/?p=84377"},"modified":"2025-10-18T16:52:48","modified_gmt":"2025-10-18T19:52:48","slug":"leo-lupi-e-eleito-presidente-municipal-do-pdt-do-rio-de-janeiro","status":"publish","type":"post","link":"https:\/\/pdt-rj.org.br\/index.php\/leo-lupi-e-eleito-presidente-municipal-do-pdt-do-rio-de-janeiro\/","title":{"rendered":"Leo Lupi \u00e9 eleito presidente municipal do PDT do Rio de Janeiro"},"content":{"rendered":"<p><strong>Conven\u00e7\u00e3o define nova composi\u00e7\u00e3o do Diret\u00f3rio, Executiva e dos conselhos Fiscal e de \u00c9tica<\/strong><\/p>\n<p>O subsecret\u00e1rio municipal de Assist\u00eancia Social do Rio de Janeiro, Leo Lupi, foi eleito presidente municipal do PDT do Rio de Janeiro. Na Conven\u00e7\u00e3o realizada nesta sexta-feira (26), na sede do partido na Capital, o colegiado tamb\u00e9m definiu as novas composi\u00e7\u00f5es do Diret\u00f3rio, da Executiva e dos conselhos Fiscal e de \u00c9tica.<\/p>\n<p>Jornalista, Leo Lupi agradeceu o apoio dos pedetistas e indicou que trabalhar\u00e1 para potencializar o partido em todas as regi\u00f5es da cidade. Segundo ele, o Trabalhismo conquistar\u00e1 resultados positivos nas elei\u00e7\u00f5es de 2026.<\/p>\n<p>\u201cLutaremos por um partido org\u00e2nico e fortalecido nas urnas. \u00c9 renova\u00e7\u00e3o com respeito \u00e0 tradi\u00e7\u00e3o. Respeito ao passado e compromisso com o futuro. Contem com a minha dedica\u00e7\u00e3o. \u00c9 palavra, di\u00e1logo e escuta. Vamos unidos fazer o bolo crescer\u201d, afirmou.<\/p>\n<p><img loading=\"lazy\" decoding=\"async\" class=\"aligncenter size-large wp-image-84379\" src=\"https:\/\/pdt-rj.org.br\/wp-content\/uploads\/2025\/09\/IMG_7805-1024x768.jpeg\" alt=\"\" width=\"640\" height=\"480\" srcset=\"https:\/\/pdt-rj.org.br\/wp-content\/uploads\/2025\/09\/IMG_7805-scaled.jpeg 1024w, https:\/\/pdt-rj.org.br\/wp-content\/uploads\/2025\/09\/IMG_7805-scaled-300x225.jpeg 300w, https:\/\/pdt-rj.org.br\/wp-content\/uploads\/2025\/09\/IMG_7805-scaled-100x75.jpeg 100w, https:\/\/pdt-rj.org.br\/wp-content\/uploads\/2025\/09\/IMG_7805-768x576.jpeg 768w, https:\/\/pdt-rj.org.br\/wp-content\/uploads\/2025\/09\/IMG_7805-1536x1152.jpeg 1536w, https:\/\/pdt-rj.org.br\/wp-content\/uploads\/2025\/09\/IMG_7805-2048x1536.jpeg 2048w, https:\/\/pdt-rj.org.br\/wp-content\/uploads\/2025\/09\/IMG_7805-scaled-120x90.jpeg 120w\" sizes=\"auto, (max-width: 640px) 100vw, 640px\" \/><br \/>\n\u201cO PDT sempre foi vanguarda e combativo. Com a morte de Leonel Brizola, falaram que o partido iria acabar. Estamos, aqui, firmes e fortes na luta ap\u00f3s mais de 20 anos. A hist\u00f3ria faz justi\u00e7a\u201d, acrescentou.<\/p>\n<p>Ao lado do pr\u00e9-candidato ao Senado Miro Teixeira, o presidente nacional do PDT, Carlos Lupi, enalteceu a import\u00e2ncia do processo de renova\u00e7\u00e3o dos quadros trabalhistas para amplificar o potencial pol\u00edtico e eleitoral do partido.<\/p>\n<p>\u201cEssa Conven\u00e7\u00e3o aprovou a renova\u00e7\u00e3o de 40% do Diret\u00f3rio. Temos que ser cada vez mais vanguarda, pois somos o partido da luta em prol do povo, dos direitos, da democracia e da soberania. Vamos trabalhar para fazer o PDT ainda mais forte na capital, no estado e no Brasil\u201d, relatou.<\/p>\n<p>\u201cNossa tarefa, no Rio, \u00e9 fortalecer as chapas para eleger mais deputados federais e estaduais. O Miro Teixeira tamb\u00e9m nos representar\u00e1 na disputa para o Senado. O PDT tem uma hist\u00f3ria e o povo reconhece\u201d, completou.<\/p>\n<p><img loading=\"lazy\" decoding=\"async\" class=\"aligncenter size-large wp-image-84380\" src=\"https:\/\/pdt-rj.org.br\/wp-content\/uploads\/2025\/09\/IMG_7827-1024x768.jpeg\" alt=\"\" width=\"640\" height=\"480\" srcset=\"https:\/\/pdt-rj.org.br\/wp-content\/uploads\/2025\/09\/IMG_7827-scaled.jpeg 1024w, https:\/\/pdt-rj.org.br\/wp-content\/uploads\/2025\/09\/IMG_7827-scaled-300x225.jpeg 300w, https:\/\/pdt-rj.org.br\/wp-content\/uploads\/2025\/09\/IMG_7827-scaled-100x75.jpeg 100w, https:\/\/pdt-rj.org.br\/wp-content\/uploads\/2025\/09\/IMG_7827-768x576.jpeg 768w, https:\/\/pdt-rj.org.br\/wp-content\/uploads\/2025\/09\/IMG_7827-1536x1152.jpeg 1536w, https:\/\/pdt-rj.org.br\/wp-content\/uploads\/2025\/09\/IMG_7827-2048x1536.jpeg 2048w, https:\/\/pdt-rj.org.br\/wp-content\/uploads\/2025\/09\/IMG_7827-120x90.jpeg 120w\" sizes=\"auto, (max-width: 640px) 100vw, 640px\" \/><br \/>\nVice-presidente municipal eleita, presidente estadual em exerc\u00edcio e secret\u00e1ria municipal de Assist\u00eancia Social do Rio de Janeiro, Martha Rocha opinou que a escolha de Leo Lupi representa o progresso da pol\u00edtica qualificada.<\/p>\n<p>\u201cO L\u00e9o Lupi est\u00e1 preparado para ser o presidente no Rio de Janeiro. Tenho plena convic\u00e7\u00e3o de que o Diret\u00f3rio ser\u00e1 um sucesso atrav\u00e9s da renova\u00e7\u00e3o. [\u2026] A constru\u00e7\u00e3o da nominata n\u00e3o \u00e9 s\u00f3 fun\u00e7\u00e3o do presidente, mas de todos n\u00f3s. Fazemos parte de um partido que tem hist\u00f3ria\u201d, garantiu.<\/p>\n<p>\u201cNa secretaria, temos uma gest\u00e3o do PDT com a contribui\u00e7\u00e3o de muitos companheiros. Tenho a felicidade de poder contar com o L\u00e9o Lupi, pois exerce uma fun\u00e7\u00e3o essencial de articula\u00e7\u00e3o para viabilizar o acesso aos direitos sociais\u201d, avaliou.<\/p>\n<p>Augusto Ribeiro avaliou a trajet\u00f3ria \u00e0 frente da presid\u00eancia nos \u00faltimos oito anos e ratificou o compromisso com a gest\u00e3o democr\u00e1tica.<\/p>\n<p>\u201c\u00c9 importante fazer essa renova\u00e7\u00e3o do Diret\u00f3rio. Buscamos ser democr\u00e1ticos, promover o di\u00e1logo constante e fortalecer os movimentos. Estou muito feliz de fazer essa transi\u00e7\u00e3o com o L\u00e9o Lupi, que tem totais condi\u00e7\u00f5es de conduzir o partido\u201d, salientou.<\/p>\n<!-- AddThis Advanced Settings generic via filter on the_content --><!-- AddThis Share Buttons generic via filter on the_content -->","protected":false},"excerpt":{"rendered":"<p>Conven\u00e7\u00e3o define nova composi\u00e7\u00e3o do Diret\u00f3rio, Executiva e dos conselhos Fiscal e de \u00c9tica O subsecret\u00e1rio municipal de Assist\u00eancia Social do Rio de Janeiro, Leo Lupi, foi eleito presidente municipal do PDT do Rio de Janeiro. Na Conven\u00e7\u00e3o realizada nesta sexta-feira (26), na sede do partido na Capital, o colegiado tamb\u00e9m definiu as novas composi\u00e7\u00f5es&#8230;<!-- AddThis Advanced Settings generic via filter on wp_trim_excerpt --><!-- AddThis Share Buttons generic via filter on wp_trim_excerpt --><\/p>\n","protected":false},"author":17,"featured_media":84378,"comment_status":"closed","ping_status":"closed","sticky":false,"template":"","format":"standard","meta":{"_monsterinsights_skip_tracking":false,"_monsterinsights_sitenote_active":false,"_monsterinsights_sitenote_note":"","_monsterinsights_sitenote_category":0,"_uf_show_specific_survey":0,"_uf_disable_surveys":false,"footnotes":""},"categories":[1390,1402],"tags":[],"class_list":["post-84377","post","type-post","status-publish","format-standard","has-post-thumbnail","hentry","category-editorias","category-cidades"],"acf":[],"_links":{"self":[{"href":"https:\/\/pdt-rj.org.br\/index.php\/wp-json\/wp\/v2\/posts\/84377","targetHints":{"allow":["GET"]}}],"collection":[{"href":"https:\/\/pdt-rj.org.br\/index.php\/wp-json\/wp\/v2\/posts"}],"about":[{"href":"https:\/\/pdt-rj.org.br\/index.php\/wp-json\/wp\/v2\/types\/post"}],"author":[{"embeddable":true,"href":"https:\/\/pdt-rj.org.br\/index.php\/wp-json\/wp\/v2\/users\/17"}],"replies":[{"embeddable":true,"href":"https:\/\/pdt-rj.org.br\/index.php\/wp-json\/wp\/v2\/comments?post=84377"}],"version-history":[{"count":3,"href":"https:\/\/pdt-rj.org.br\/index.php\/wp-json\/wp\/v2\/posts\/84377\/revisions"}],"predecessor-version":[{"id":84395,"href":"https:\/\/pdt-rj.org.br\/index.php\/wp-json\/wp\/v2\/posts\/84377\/revisions\/84395"}],"wp:featuredmedia":[{"embeddable":true,"href":"https:\/\/pdt-rj.org.br\/index.php\/wp-json\/wp\/v2\/media\/84378"}],"wp:attachment":[{"href":"https:\/\/pdt-rj.org.br\/index.php\/wp-json\/wp\/v2\/media?parent=84377"}],"wp:term":[{"taxonomy":"category","embeddable":true,"href":"https:\/\/pdt-rj.org.br\/index.php\/wp-json\/wp\/v2\/categories?post=84377"},{"taxonomy":"post_tag","embeddable":true,"href":"https:\/\/pdt-rj.org.br\/index.php\/wp-json\/wp\/v2\/tags?post=84377"}],"curies":[{"name":"wp","href":"https:\/\/api.w.org\/{rel}","templated":true}]}}