{"id":84374,"date":"2025-09-21T22:28:51","date_gmt":"2025-09-22T01:28:51","guid":{"rendered":"https:\/\/pdt-rj.org.br\/?p=84374"},"modified":"2025-10-10T11:58:06","modified_gmt":"2025-10-10T14:58:06","slug":"nota-oficial-encaminhamento-de-votacao-contra-pec-da-blindagem-e-pl-da-anistia","status":"publish","type":"post","link":"https:\/\/pdt-rj.org.br\/index.php\/nota-oficial-encaminhamento-de-votacao-contra-pec-da-blindagem-e-pl-da-anistia\/","title":{"rendered":"Nota Oficial &#8211; Encaminhamento de vota\u00e7\u00e3o contra PEC da Blindagem e PL da Anistia"},"content":{"rendered":"<p><strong>Dire\u00e7\u00e3o Nacional divulga posicionamento sobre vota\u00e7\u00f5es no Congresso <\/strong><\/p>\n<p>O PDT encaminha o voto contr\u00e1rio \u00e0 Proposta de Emenda \u00e0 Constitui\u00e7\u00e3o 3\/2021 (PEC da Blindagem), que tramita no Senado Federal, e ao Projeto de Lei 2162\/23 (PL da Anistia), pautado em regime de urg\u00eancia na C\u00e2mara dos Deputados.<\/p>\n<p>Carlos Lupi<br \/>\nPresidente Nacional<\/p>\n<!-- AddThis Advanced Settings generic via filter on the_content --><!-- AddThis Share Buttons generic via filter on the_content -->","protected":false},"excerpt":{"rendered":"<p>Dire\u00e7\u00e3o Nacional divulga posicionamento sobre vota\u00e7\u00f5es no Congresso O PDT encaminha o voto contr\u00e1rio \u00e0 Proposta de Emenda \u00e0 Constitui\u00e7\u00e3o 3\/2021 (PEC da Blindagem), que tramita no Senado Federal, e ao Projeto de Lei 2162\/23 (PL da Anistia), pautado em regime de urg\u00eancia na C\u00e2mara dos Deputados. Carlos Lupi Presidente Nacional<!-- AddThis Advanced Settings generic via filter on wp_trim_excerpt --><!-- AddThis Share Buttons generic via filter on wp_trim_excerpt --><\/p>\n","protected":false},"author":17,"featured_media":84139,"comment_status":"closed","ping_status":"closed","sticky":false,"template":"","format":"standard","meta":{"_monsterinsights_skip_tracking":false,"_monsterinsights_sitenote_active":false,"_monsterinsights_sitenote_note":"","_monsterinsights_sitenote_category":0,"_uf_show_specific_survey":0,"_uf_disable_surveys":false,"footnotes":""},"categories":[1390,1401],"tags":[],"class_list":["post-84374","post","type-post","status-publish","format-standard","has-post-thumbnail","hentry","category-editorias","category-nacional"],"acf":[],"_links":{"self":[{"href":"https:\/\/pdt-rj.org.br\/index.php\/wp-json\/wp\/v2\/posts\/84374","targetHints":{"allow":["GET"]}}],"collection":[{"href":"https:\/\/pdt-rj.org.br\/index.php\/wp-json\/wp\/v2\/posts"}],"about":[{"href":"https:\/\/pdt-rj.org.br\/index.php\/wp-json\/wp\/v2\/types\/post"}],"author":[{"embeddable":true,"href":"https:\/\/pdt-rj.org.br\/index.php\/wp-json\/wp\/v2\/users\/17"}],"replies":[{"embeddable":true,"href":"https:\/\/pdt-rj.org.br\/index.php\/wp-json\/wp\/v2\/comments?post=84374"}],"version-history":[{"count":1,"href":"https:\/\/pdt-rj.org.br\/index.php\/wp-json\/wp\/v2\/posts\/84374\/revisions"}],"predecessor-version":[{"id":84375,"href":"https:\/\/pdt-rj.org.br\/index.php\/wp-json\/wp\/v2\/posts\/84374\/revisions\/84375"}],"wp:featuredmedia":[{"embeddable":true,"href":"https:\/\/pdt-rj.org.br\/index.php\/wp-json\/wp\/v2\/media\/84139"}],"wp:attachment":[{"href":"https:\/\/pdt-rj.org.br\/index.php\/wp-json\/wp\/v2\/media?parent=84374"}],"wp:term":[{"taxonomy":"category","embeddable":true,"href":"https:\/\/pdt-rj.org.br\/index.php\/wp-json\/wp\/v2\/categories?post=84374"},{"taxonomy":"post_tag","embeddable":true,"href":"https:\/\/pdt-rj.org.br\/index.php\/wp-json\/wp\/v2\/tags?post=84374"}],"curies":[{"name":"wp","href":"https:\/\/api.w.org\/{rel}","templated":true}]}}