{"id":84361,"date":"2025-09-22T20:00:51","date_gmt":"2025-09-22T23:00:51","guid":{"rendered":"https:\/\/pdt-rj.org.br\/?p=84361"},"modified":"2025-10-12T20:10:44","modified_gmt":"2025-10-12T23:10:44","slug":"pdt-do-rio-de-janeiro-lanca-pre-candidatura-de-miro-teixeira-ao-senado-federal","status":"publish","type":"post","link":"https:\/\/pdt-rj.org.br\/index.php\/pdt-do-rio-de-janeiro-lanca-pre-candidatura-de-miro-teixeira-ao-senado-federal\/","title":{"rendered":"PDT do Rio de Janeiro lan\u00e7a pr\u00e9-candidatura de Miro Teixeira ao Senado Federal"},"content":{"rendered":"<p><strong>Partido projeta expans\u00e3o das bancadas federal e estadual<\/strong><\/p>\n<p>O PDT do Rio de Janeiro lan\u00e7ou nesta segunda-feira (22), durante a reuni\u00e3o do Diret\u00f3rio Estadual, a pr\u00e9-candidatura de Miro Teixeira ao Senado Federal. Realizado na sede da Funda\u00e7\u00e3o Leonel Brizola \u2013 Alberto Pasqualini (FLB-AP), o encontro foi liderado presidente nacional do PDT, Carlos Lupi, e mobilizou representantes de todas as regi\u00f5es fluminenses.<\/p>\n<p>Durante o debate, os membros da dire\u00e7\u00e3o trataram ainda da evolu\u00e7\u00e3o do planejamento para as elei\u00e7\u00f5es de 2026, que inclui a composi\u00e7\u00e3o das futuras chapas para a C\u00e2mara dos Deputados e a Assembleia Legislativa.<\/p>\n<p>Ao lado da presidente estadual e secret\u00e1ria municipal de Assist\u00eancia Social do Rio de Janeiro, Martha Rocha, Lupi fez uma an\u00e1lise por estado ao indicar a perspetiva de amplia\u00e7\u00e3o das vagas pedetistas no legislativo.<\/p>\n<p>\u201cTrabalhamos por um PDT cada vez mais forte e representativo no Rio e a pr\u00e9-candidatura do Miro simboliza isso. Estaremos elevando o n\u00edvel da futura legislatura. O partido confirma que tem quadros qualificados e compromissados com a p\u00e1tria brasileira\u201d, disse.<\/p>\n<p>\u201cTemos que fazer tamb\u00e9m uma nominata forte de deputados em todas as regi\u00f5es. Buscaremos avan\u00e7ar, mas sem abrir m\u00e3o dos nossos princ\u00edpios. Seguiremos preservando nosso legado do Trabalhismo e defendendo a democracia ao lado do povo\u201d, completou, acompanhado de Leo Lupi, subsecret\u00e1rio municipal de Assist\u00eancia Social do Rio de Janeiro e pr\u00e9-candidato a deputado estadual.<\/p>\n<p><img loading=\"lazy\" decoding=\"async\" class=\"aligncenter size-large wp-image-84363\" src=\"https:\/\/pdt-rj.org.br\/wp-content\/uploads\/2025\/09\/0ea58390-536d-4c69-bce0-8e88cb1d1002-1024x768.jpeg\" alt=\"\" width=\"640\" height=\"480\" srcset=\"https:\/\/pdt-rj.org.br\/wp-content\/uploads\/2025\/09\/0ea58390-536d-4c69-bce0-8e88cb1d1002-scaled.jpeg 1024w, https:\/\/pdt-rj.org.br\/wp-content\/uploads\/2025\/09\/0ea58390-536d-4c69-bce0-8e88cb1d1002-scaled-300x225.jpeg 300w, https:\/\/pdt-rj.org.br\/wp-content\/uploads\/2025\/09\/0ea58390-536d-4c69-bce0-8e88cb1d1002-scaled-100x75.jpeg 100w, https:\/\/pdt-rj.org.br\/wp-content\/uploads\/2025\/09\/0ea58390-536d-4c69-bce0-8e88cb1d1002-768x576.jpeg 768w, https:\/\/pdt-rj.org.br\/wp-content\/uploads\/2025\/09\/0ea58390-536d-4c69-bce0-8e88cb1d1002-1536x1152.jpeg 1536w, https:\/\/pdt-rj.org.br\/wp-content\/uploads\/2025\/09\/0ea58390-536d-4c69-bce0-8e88cb1d1002-2048x1536.jpeg 2048w, https:\/\/pdt-rj.org.br\/wp-content\/uploads\/2025\/09\/0ea58390-536d-4c69-bce0-8e88cb1d1002-120x90.jpeg 120w\" sizes=\"auto, (max-width: 640px) 100vw, 640px\" \/><\/p>\n<p>Ex-deputado federal, Miro enfatizou a import\u00e2ncia de ocupar o Senado para defender a Constitui\u00e7\u00e3o e os direitos conquistados.<\/p>\n<p>\u201cAgrade\u00e7o ao apoio do partido para poder disputar uma vaga ao Senado. \u00c9 nessa discuss\u00e3o que eu quero estar. O momento brasileiro \u00e9 dific\u00edlimo, pois existe uma crise na Rep\u00fablica\u201d, comentou.<\/p>\n<p>Martha Rocha, deputada estadual licenciada, exaltou o potencial e viabilidade das pr\u00e9-candidaturas trabalhistas e a import\u00e2ncia do engajamento dos pedetistas em todo o pa\u00eds.<\/p>\n<p>\u201cEssa constru\u00e7\u00e3o \u00e9 uma contribui\u00e7\u00e3o de todos n\u00f3s. Vamos, desde j\u00e1, nos incorporar para levar o PDT ao exitoso desempenho projetado pelo Lupi\u201d, afirmou.<\/p>\n<p>A atividade contou ainda com a participa\u00e7\u00e3o de lideran\u00e7as, como Fernanda Sixel, al\u00e9m de vereadores e representantes dos movimentos pedetistas.<\/p>\n<!-- AddThis Advanced Settings generic via filter on the_content --><!-- AddThis Share Buttons generic via filter on the_content -->","protected":false},"excerpt":{"rendered":"<p>Partido projeta expans\u00e3o das bancadas federal e estadual O PDT do Rio de Janeiro lan\u00e7ou nesta segunda-feira (22), durante a reuni\u00e3o do Diret\u00f3rio Estadual, a pr\u00e9-candidatura de Miro Teixeira ao Senado Federal. Realizado na sede da Funda\u00e7\u00e3o Leonel Brizola \u2013 Alberto Pasqualini (FLB-AP), o encontro foi liderado presidente nacional do PDT, Carlos Lupi, e mobilizou&#8230;<!-- AddThis Advanced Settings generic via filter on wp_trim_excerpt --><!-- AddThis Share Buttons generic via filter on wp_trim_excerpt --><\/p>\n","protected":false},"author":17,"featured_media":84366,"comment_status":"closed","ping_status":"closed","sticky":false,"template":"","format":"standard","meta":{"_monsterinsights_skip_tracking":false,"_monsterinsights_sitenote_active":false,"_monsterinsights_sitenote_note":"","_monsterinsights_sitenote_category":0,"_uf_show_specific_survey":0,"_uf_disable_surveys":false,"footnotes":""},"categories":[1390,5414],"tags":[],"class_list":["post-84361","post","type-post","status-publish","format-standard","has-post-thumbnail","hentry","category-editorias","category-estado"],"acf":[],"_links":{"self":[{"href":"https:\/\/pdt-rj.org.br\/index.php\/wp-json\/wp\/v2\/posts\/84361","targetHints":{"allow":["GET"]}}],"collection":[{"href":"https:\/\/pdt-rj.org.br\/index.php\/wp-json\/wp\/v2\/posts"}],"about":[{"href":"https:\/\/pdt-rj.org.br\/index.php\/wp-json\/wp\/v2\/types\/post"}],"author":[{"embeddable":true,"href":"https:\/\/pdt-rj.org.br\/index.php\/wp-json\/wp\/v2\/users\/17"}],"replies":[{"embeddable":true,"href":"https:\/\/pdt-rj.org.br\/index.php\/wp-json\/wp\/v2\/comments?post=84361"}],"version-history":[{"count":6,"href":"https:\/\/pdt-rj.org.br\/index.php\/wp-json\/wp\/v2\/posts\/84361\/revisions"}],"predecessor-version":[{"id":84382,"href":"https:\/\/pdt-rj.org.br\/index.php\/wp-json\/wp\/v2\/posts\/84361\/revisions\/84382"}],"wp:featuredmedia":[{"embeddable":true,"href":"https:\/\/pdt-rj.org.br\/index.php\/wp-json\/wp\/v2\/media\/84366"}],"wp:attachment":[{"href":"https:\/\/pdt-rj.org.br\/index.php\/wp-json\/wp\/v2\/media?parent=84361"}],"wp:term":[{"taxonomy":"category","embeddable":true,"href":"https:\/\/pdt-rj.org.br\/index.php\/wp-json\/wp\/v2\/categories?post=84361"},{"taxonomy":"post_tag","embeddable":true,"href":"https:\/\/pdt-rj.org.br\/index.php\/wp-json\/wp\/v2\/tags?post=84361"}],"curies":[{"name":"wp","href":"https:\/\/api.w.org\/{rel}","templated":true}]}}