{"id":84351,"date":"2025-09-16T09:32:20","date_gmt":"2025-09-16T12:32:20","guid":{"rendered":"https:\/\/pdt-rj.org.br\/?p=84351"},"modified":"2025-09-26T20:47:29","modified_gmt":"2025-09-26T23:47:29","slug":"pdt-divulga-edital-para-convencao-municipal-do-rio-de-janeiro","status":"publish","type":"post","link":"https:\/\/pdt-rj.org.br\/index.php\/pdt-divulga-edital-para-convencao-municipal-do-rio-de-janeiro\/","title":{"rendered":"PDT divulga edital para Conven\u00e7\u00e3o Municipal do Rio de Janeiro"},"content":{"rendered":"<p class=\"p1\"><strong><span class=\"s1\">Ato ocorre no pr\u00f3ximo dia 26, na sede estadual do partido na Capital <\/span><\/strong><\/p>\n<p class=\"p1\"><span class=\"s1\">A Dire\u00e7\u00e3o Metropolitana do PDT da cidade do Rio de Janeiro divulgou o edital de convoca\u00e7\u00e3o para a Conven\u00e7\u00e3o Municipal, que ser\u00e1 realizada no dia 26 de setembro, na sede estadual do partido, no Centro da Capital. <\/span><\/p>\n<p class=\"p1\"><span class=\"s1\">Com a participa\u00e7\u00e3o de representantes das Executivas Nacional, Estadual e Municipal; de senadores, deputados e vereadores e representantes de movimentos pedetistas, o evento ser\u00e1 iniciado \u00e0s 17 horas e encerrado \u00e0s 20 horas. <\/span><\/p>\n<p class=\"p1\"><span class=\"s1\">A pauta contar\u00e1 com a seguinte ordem do dia: <\/span><\/p>\n<p class=\"p1\"><span class=\"s1\">1. Elei\u00e7\u00e3o do Diret\u00f3rio Metropolitano da Cidade do Rio de Janeiro, com 71 <\/span>(setenta e um) membros titulares e 30 (trinta) membros suplentes, <span class=\"s1\">totalizando 101 (cento e um) membros, conforme o art\u00b0 2 da Resolu\u00e7\u00e3o <\/span>005\/2019 da Comiss\u00e3o Executiva do Diret\u00f3rio Estadual do Rio de Janeiro;<\/p>\n<p class=\"p1\"><span class=\"s1\">2. Elei\u00e7\u00e3o do Conselho Fiscal, composto por 5 (cinco) titulares e 3 (tr\u00eas) <\/span>suplentes e Comiss\u00e3o de \u00c9tica Partid\u00e1ria composta por 5 (cinco) titulares e 3 (tr\u00eas) suplentes;<\/p>\n<p class=\"p1\"><span class=\"s1\">3. Elei\u00e7\u00e3o da Comiss\u00e3o Executiva pelo novo Diret\u00f3rio Metropolitano da <\/span>Cidade do Rio de Janeiro;<\/p>\n<p class=\"p1\"><span class=\"s1\">4. Assunto Gerais.<\/span><\/p>\n<p>&nbsp;<\/p>\n<p><img loading=\"lazy\" decoding=\"async\" class=\"aligncenter size-large wp-image-84354\" src=\"https:\/\/pdt-rj.org.br\/wp-content\/uploads\/2025\/09\/4cd7d169-0ed8-4e06-9e41-6720cc595b69-735x1024.jpeg\" alt=\"\" width=\"640\" height=\"892\" srcset=\"https:\/\/pdt-rj.org.br\/wp-content\/uploads\/2025\/09\/4cd7d169-0ed8-4e06-9e41-6720cc595b69.jpeg 735w, https:\/\/pdt-rj.org.br\/wp-content\/uploads\/2025\/09\/4cd7d169-0ed8-4e06-9e41-6720cc595b69-215x300.jpeg 215w, https:\/\/pdt-rj.org.br\/wp-content\/uploads\/2025\/09\/4cd7d169-0ed8-4e06-9e41-6720cc595b69-72x100.jpeg 72w, https:\/\/pdt-rj.org.br\/wp-content\/uploads\/2025\/09\/4cd7d169-0ed8-4e06-9e41-6720cc595b69-768x1070.jpeg 768w, https:\/\/pdt-rj.org.br\/wp-content\/uploads\/2025\/09\/4cd7d169-0ed8-4e06-9e41-6720cc595b69-1102x1536.jpeg 1102w, https:\/\/pdt-rj.org.br\/wp-content\/uploads\/2025\/09\/4cd7d169-0ed8-4e06-9e41-6720cc595b69-65x90.jpeg 65w\" sizes=\"auto, (max-width: 640px) 100vw, 640px\" \/><\/p>\n<p>&nbsp;<\/p>\n<!-- AddThis Advanced Settings generic via filter on the_content --><!-- AddThis Share Buttons generic via filter on the_content -->","protected":false},"excerpt":{"rendered":"<p>Ato ocorre no pr\u00f3ximo dia 26, na sede estadual do partido na Capital A Dire\u00e7\u00e3o Metropolitana do PDT da cidade do Rio de Janeiro divulgou o edital de convoca\u00e7\u00e3o para a Conven\u00e7\u00e3o Municipal, que ser\u00e1 realizada no dia 26 de setembro, na sede estadual do partido, no Centro da Capital. Com a participa\u00e7\u00e3o de representantes&#8230;<!-- AddThis Advanced Settings generic via filter on wp_trim_excerpt --><!-- AddThis Share Buttons generic via filter on wp_trim_excerpt --><\/p>\n","protected":false},"author":17,"featured_media":84139,"comment_status":"closed","ping_status":"closed","sticky":false,"template":"","format":"standard","meta":{"_monsterinsights_skip_tracking":false,"_monsterinsights_sitenote_active":false,"_monsterinsights_sitenote_note":"","_monsterinsights_sitenote_category":0,"_uf_show_specific_survey":0,"_uf_disable_surveys":false,"footnotes":""},"categories":[1390,1402],"tags":[],"class_list":["post-84351","post","type-post","status-publish","format-standard","has-post-thumbnail","hentry","category-editorias","category-cidades"],"acf":[],"_links":{"self":[{"href":"https:\/\/pdt-rj.org.br\/index.php\/wp-json\/wp\/v2\/posts\/84351","targetHints":{"allow":["GET"]}}],"collection":[{"href":"https:\/\/pdt-rj.org.br\/index.php\/wp-json\/wp\/v2\/posts"}],"about":[{"href":"https:\/\/pdt-rj.org.br\/index.php\/wp-json\/wp\/v2\/types\/post"}],"author":[{"embeddable":true,"href":"https:\/\/pdt-rj.org.br\/index.php\/wp-json\/wp\/v2\/users\/17"}],"replies":[{"embeddable":true,"href":"https:\/\/pdt-rj.org.br\/index.php\/wp-json\/wp\/v2\/comments?post=84351"}],"version-history":[{"count":6,"href":"https:\/\/pdt-rj.org.br\/index.php\/wp-json\/wp\/v2\/posts\/84351\/revisions"}],"predecessor-version":[{"id":84369,"href":"https:\/\/pdt-rj.org.br\/index.php\/wp-json\/wp\/v2\/posts\/84351\/revisions\/84369"}],"wp:featuredmedia":[{"embeddable":true,"href":"https:\/\/pdt-rj.org.br\/index.php\/wp-json\/wp\/v2\/media\/84139"}],"wp:attachment":[{"href":"https:\/\/pdt-rj.org.br\/index.php\/wp-json\/wp\/v2\/media?parent=84351"}],"wp:term":[{"taxonomy":"category","embeddable":true,"href":"https:\/\/pdt-rj.org.br\/index.php\/wp-json\/wp\/v2\/categories?post=84351"},{"taxonomy":"post_tag","embeddable":true,"href":"https:\/\/pdt-rj.org.br\/index.php\/wp-json\/wp\/v2\/tags?post=84351"}],"curies":[{"name":"wp","href":"https:\/\/api.w.org\/{rel}","templated":true}]}}