{"id":84346,"date":"2025-09-12T14:54:25","date_gmt":"2025-09-12T17:54:25","guid":{"rendered":"https:\/\/pdt-rj.org.br\/?p=84346"},"modified":"2025-09-22T22:17:28","modified_gmt":"2025-09-23T01:17:28","slug":"nota-oficial-vaga-do-pdt-na-alerj","status":"publish","type":"post","link":"https:\/\/pdt-rj.org.br\/index.php\/nota-oficial-vaga-do-pdt-na-alerj\/","title":{"rendered":"Nota oficial &#8211; Vaga do PDT na Alerj"},"content":{"rendered":"<p class=\"p1\"><strong><span class=\"s1\">Partido defende o mandato de Wanderson Nogueira, suplente de Martha Rocha<\/span><\/strong><\/p>\n<p class=\"p1\"><span class=\"s1\">O PDT do Rio de Janeiro divulga manifesta\u00e7\u00e3o \u00a0sobre o julgamento, no Tribunal Superior Eleitoral (TSE), da cassa\u00e7\u00e3o de Ricardo da Karol (PL), que ocupa a vaga do PDT na Assembleia Legislativa do Rio de Janeiro (Alerj).<\/span><\/p>\n<p><span class=\"s1\">O partido trabalhista defende o mandato de Wanderson Nogueira na supl\u00eancia da Delegada Martha Rocha.<\/span><\/p>\n<p class=\"p1\"><strong><span class=\"s1\">Nota Oficial: <\/span><\/strong><\/p>\n<p class=\"p1\"><span class=\"s1\">Reconhecemos a correta velocidade do Tribunal Superior Eleitoral (TSE) em julgar a a\u00e7\u00e3o que pede a vaga do PDT na Alerj conquistada nas urnas e que est\u00e1 nas m\u00e3os do Partido Liberal (PL).<\/span><\/p>\n<p class=\"p1\"><span class=\"s1\">Ao alegar que o PL Estadual n\u00e3o foi ouvido e que por isso o processo se extingue, tanto o Minist\u00e9rio P\u00fablico quanto o excelent\u00edssimo ministro, Andr\u00e9 Mendon\u00e7a, dispensam que h\u00e1 decis\u00f5es majoritariamente em sentido contr\u00e1rio. <\/span><\/p>\n<p class=\"p1\"><span class=\"s1\">Respeitosamente, refor\u00e7amos que deixam de lado o interesse p\u00fablico maior e a regra de que a vaga \u00e9 do partido que somou votos para aquela cadeira. <\/span><\/p>\n<p class=\"p1\"><span class=\"s1\">A decis\u00e3o deve ler em conta que o beneficiado \u00e9 presidente da legenda municipal e que isso j\u00e1 configura de que o PL teve sim plena defesa, ainda que isso n\u00e3o diga respeito ao partido beneficiado, pois o mesmo jamais teve essa cadeira. Fere o esp\u00edrito da lei de infidelidade partid\u00e1ria. <\/span><\/p>\n<p class=\"p1\"><span class=\"s1\">Vamos recorrer da decis\u00e3o monocr\u00e1tica para que a a\u00e7\u00e3o seja julgada pela turma, ou seja, tamb\u00e9m pelos demais ministros com nosso amplo direito ao contradit\u00f3rio. Nesse sentido pedimos a mesma correta velocidade vigente, algo que n\u00e3o existiu quando a decis\u00e3o de devolver a vaga de direito do PDT deveria ter efeito pr\u00e1tico desde maio, convocando o suplente seguinte.<\/span><\/p>\n<!-- AddThis Advanced Settings generic via filter on the_content --><!-- AddThis Share Buttons generic via filter on the_content -->","protected":false},"excerpt":{"rendered":"<p>Partido defende o mandato de Wanderson Nogueira, suplente de Martha Rocha O PDT do Rio de Janeiro divulga manifesta\u00e7\u00e3o \u00a0sobre o julgamento, no Tribunal Superior Eleitoral (TSE), da cassa\u00e7\u00e3o de Ricardo da Karol (PL), que ocupa a vaga do PDT na Assembleia Legislativa do Rio de Janeiro (Alerj). O partido trabalhista defende o mandato de&#8230;<!-- AddThis Advanced Settings generic via filter on wp_trim_excerpt --><!-- AddThis Share Buttons generic via filter on wp_trim_excerpt --><\/p>\n","protected":false},"author":17,"featured_media":84139,"comment_status":"closed","ping_status":"closed","sticky":false,"template":"","format":"standard","meta":{"_monsterinsights_skip_tracking":false,"_monsterinsights_sitenote_active":false,"_monsterinsights_sitenote_note":"","_monsterinsights_sitenote_category":0,"_uf_show_specific_survey":0,"_uf_disable_surveys":false,"footnotes":""},"categories":[1390,1401],"tags":[],"class_list":["post-84346","post","type-post","status-publish","format-standard","has-post-thumbnail","hentry","category-editorias","category-nacional"],"acf":[],"_links":{"self":[{"href":"https:\/\/pdt-rj.org.br\/index.php\/wp-json\/wp\/v2\/posts\/84346","targetHints":{"allow":["GET"]}}],"collection":[{"href":"https:\/\/pdt-rj.org.br\/index.php\/wp-json\/wp\/v2\/posts"}],"about":[{"href":"https:\/\/pdt-rj.org.br\/index.php\/wp-json\/wp\/v2\/types\/post"}],"author":[{"embeddable":true,"href":"https:\/\/pdt-rj.org.br\/index.php\/wp-json\/wp\/v2\/users\/17"}],"replies":[{"embeddable":true,"href":"https:\/\/pdt-rj.org.br\/index.php\/wp-json\/wp\/v2\/comments?post=84346"}],"version-history":[{"count":3,"href":"https:\/\/pdt-rj.org.br\/index.php\/wp-json\/wp\/v2\/posts\/84346\/revisions"}],"predecessor-version":[{"id":84359,"href":"https:\/\/pdt-rj.org.br\/index.php\/wp-json\/wp\/v2\/posts\/84346\/revisions\/84359"}],"wp:featuredmedia":[{"embeddable":true,"href":"https:\/\/pdt-rj.org.br\/index.php\/wp-json\/wp\/v2\/media\/84139"}],"wp:attachment":[{"href":"https:\/\/pdt-rj.org.br\/index.php\/wp-json\/wp\/v2\/media?parent=84346"}],"wp:term":[{"taxonomy":"category","embeddable":true,"href":"https:\/\/pdt-rj.org.br\/index.php\/wp-json\/wp\/v2\/categories?post=84346"},{"taxonomy":"post_tag","embeddable":true,"href":"https:\/\/pdt-rj.org.br\/index.php\/wp-json\/wp\/v2\/tags?post=84346"}],"curies":[{"name":"wp","href":"https:\/\/api.w.org\/{rel}","templated":true}]}}