{"id":84342,"date":"2025-08-25T16:24:47","date_gmt":"2025-08-25T19:24:47","guid":{"rendered":"https:\/\/pdt-rj.org.br\/?p=84342"},"modified":"2025-09-22T22:24:46","modified_gmt":"2025-09-23T01:24:46","slug":"pdt-reafirma-luta-pela-soberania-em-homenagem-a-getulio-vargas","status":"publish","type":"post","link":"https:\/\/pdt-rj.org.br\/index.php\/pdt-reafirma-luta-pela-soberania-em-homenagem-a-getulio-vargas\/","title":{"rendered":"PDT reafirma luta pela soberania em homenagem a Get\u00falio Vargas"},"content":{"rendered":"<h3><em>Atos em S\u00e3o Borja e Niter\u00f3i marcaram os 71 anos da morte do presidente com leitura da Carta Testamento<\/em><\/h3>\n<p>No \u00faltimo fim de semana, o PDT promoveu uma s\u00e9rie de atividades em homenagem a Get\u00falio Vargas, no marco dos 71 anos de sua morte. Os eventos reafirmaram a defesa da soberania nacional \u2013 pauta urgente no Brasil hoje \u2013 e lembraram o legado do presidente que marcou a hist\u00f3ria com as maiores conquistas sociais e trabalhistas do pa\u00eds.<\/p>\n<p>Em S\u00e3o Borja (RS), cidade natal de Vargas, as homenagens come\u00e7aram na sexta-feira (22) com sess\u00e3o solene na C\u00e2mara de Vereadores, que exibiu o document\u00e1rio \u201cVargas, a Transforma\u00e7\u00e3o do Brasil\u201d. No s\u00e1bado (23), lideran\u00e7as pedetistas visitaram o Mausol\u00e9u de Vargas, na Pra\u00e7a XV, e participaram de uma programa\u00e7\u00e3o que incluiu visita ao jazigo do presidente Jo\u00e3o Goulart e do governador Leonel Brizola, no Cemit\u00e9rio Jardim da Paz. O presidente nacional do PDT, Carlos Lupi, e Juliana Brizola, presidente da A\u00e7\u00e3o da Mulher Trabalhista, estiveram presentes, ao lado de familiares e militantes trabalhistas.<\/p>\n<p>No domingo (24), a mem\u00f3ria de Vargas foi reverenciada em Niter\u00f3i (RJ), com um ato em defesa da soberania nacional realizado na Pra\u00e7a Get\u00falio Vargas, na Praia de Icara\u00ed. A atividade reuniu militantes, movimentos sociais e dirigentes do PDT para a leitura da Carta Testamento, maior documento pol\u00edtico da hist\u00f3ria brasileira.<\/p>\n<p>O presidente Vargas j\u00e1 havia afirmado: \u201cA finalidade do Estado \u00e9 promover a justi\u00e7a social, mas n\u00e3o h\u00e1 justi\u00e7a social sem desenvolvimento e n\u00e3o h\u00e1 desenvolvimento sem soberania\u201d. O PDT resgatou essa mensagem destacando que os desafios enfrentados em 1954 permanecem atuais diante das press\u00f5es externas e da explora\u00e7\u00e3o das riquezas nacionais.<\/p>\n<p>No in\u00edcio do m\u00eas, o PDT e outros seis partidos progressistas \u2014 PT, PV, PCdoB, PSOL, PSB e Rede \u2014 assinaram manifesto conjunto contra o \u201ctarifa\u00e7o\u201d imposto pelos Estados Unidos, em clara tentativa de interfer\u00eancia pol\u00edtica e jur\u00eddica no Brasil. O documento denuncia as press\u00f5es internacionais e reafirma a defesa da democracia, do povo brasileiro e do Supremo Tribunal Federal, tamb\u00e9m alvo dos ataques.<\/p>\n<p>\u201cAo tentar punir o Brasil por suas escolhas internas, o presidente Donald Trump busca impedir que o Brasil exer\u00e7a plenamente sua soberania sobre nossas riquezas e interferir em nossa liberdade de estabelecer rela\u00e7\u00f5es diplom\u00e1ticas com outras pot\u00eancias emergentes\u201d, registra a nota progressista.<\/p>\n<p>Para Osvaldo Maneschy, dirigente da Funda\u00e7\u00e3o Leonel Brizola \u2013 Alberto Pasqualini (FLB-AP) e do Movimento em Defesa da Soberania Nacional (MDSN), a data \u00e9 um chamado \u00e0 resist\u00eancia. \u201cO momento exige discutir soberania \u00e0 luz da comunica\u00e7\u00e3o e da informa\u00e7\u00e3o popular diante da a\u00e7\u00e3o nefasta das big techs; soberania \u00e0 luz das quest\u00f5es que afetam ao mundo do trabalho e da livre iniciativa; soberania para o povo brasileiro se beneficiar de riquezas naturais como \u00e1gua, petr\u00f3leo, ni\u00f3bio, terras raras e tantas outras\u201d, afirmou.<\/p>\n<p>A homenagem tamb\u00e9m contou com a exibi\u00e7\u00e3o do document\u00e1rio \u201cVargas, a Transforma\u00e7\u00e3o do Brasil\u201d em TVs comunit\u00e1rias de diversas capitais e na Telesur, ampliando o alcance da reflex\u00e3o sobre a Era Vargas e a sua contribui\u00e7\u00e3o decisiva para a constru\u00e7\u00e3o de um Brasil soberano.<\/p>\n<!-- AddThis Advanced Settings generic via filter on the_content --><!-- AddThis Share Buttons generic via filter on the_content -->","protected":false},"excerpt":{"rendered":"<p>Atos em S\u00e3o Borja e Niter\u00f3i marcaram os 71 anos da morte do presidente com leitura da Carta Testamento No \u00faltimo fim de semana, o PDT promoveu uma s\u00e9rie de atividades em homenagem a Get\u00falio Vargas, no marco dos 71 anos de sua morte. Os eventos reafirmaram a defesa da soberania nacional \u2013 pauta urgente&#8230;<!-- AddThis Advanced Settings generic via filter on wp_trim_excerpt --><!-- AddThis Share Buttons generic via filter on wp_trim_excerpt --><\/p>\n","protected":false},"author":17,"featured_media":84343,"comment_status":"closed","ping_status":"closed","sticky":false,"template":"","format":"standard","meta":{"_monsterinsights_skip_tracking":false,"_monsterinsights_sitenote_active":false,"_monsterinsights_sitenote_note":"","_monsterinsights_sitenote_category":0,"_uf_show_specific_survey":0,"_uf_disable_surveys":false,"footnotes":""},"categories":[1390,1401],"tags":[],"class_list":["post-84342","post","type-post","status-publish","format-standard","has-post-thumbnail","hentry","category-editorias","category-nacional"],"acf":[],"_links":{"self":[{"href":"https:\/\/pdt-rj.org.br\/index.php\/wp-json\/wp\/v2\/posts\/84342","targetHints":{"allow":["GET"]}}],"collection":[{"href":"https:\/\/pdt-rj.org.br\/index.php\/wp-json\/wp\/v2\/posts"}],"about":[{"href":"https:\/\/pdt-rj.org.br\/index.php\/wp-json\/wp\/v2\/types\/post"}],"author":[{"embeddable":true,"href":"https:\/\/pdt-rj.org.br\/index.php\/wp-json\/wp\/v2\/users\/17"}],"replies":[{"embeddable":true,"href":"https:\/\/pdt-rj.org.br\/index.php\/wp-json\/wp\/v2\/comments?post=84342"}],"version-history":[{"count":2,"href":"https:\/\/pdt-rj.org.br\/index.php\/wp-json\/wp\/v2\/posts\/84342\/revisions"}],"predecessor-version":[{"id":84350,"href":"https:\/\/pdt-rj.org.br\/index.php\/wp-json\/wp\/v2\/posts\/84342\/revisions\/84350"}],"wp:featuredmedia":[{"embeddable":true,"href":"https:\/\/pdt-rj.org.br\/index.php\/wp-json\/wp\/v2\/media\/84343"}],"wp:attachment":[{"href":"https:\/\/pdt-rj.org.br\/index.php\/wp-json\/wp\/v2\/media?parent=84342"}],"wp:term":[{"taxonomy":"category","embeddable":true,"href":"https:\/\/pdt-rj.org.br\/index.php\/wp-json\/wp\/v2\/categories?post=84342"},{"taxonomy":"post_tag","embeddable":true,"href":"https:\/\/pdt-rj.org.br\/index.php\/wp-json\/wp\/v2\/tags?post=84342"}],"curies":[{"name":"wp","href":"https:\/\/api.w.org\/{rel}","templated":true}]}}