{"id":84303,"date":"2025-08-04T12:29:06","date_gmt":"2025-08-04T15:29:06","guid":{"rendered":"https:\/\/pdt-rj.org.br\/?p=84303"},"modified":"2025-08-06T18:10:46","modified_gmt":"2025-08-06T21:10:46","slug":"da-marinha-as-ruas-a-trajetoria-de-miguel-vitoriano-no-trabalhismo","status":"publish","type":"post","link":"https:\/\/pdt-rj.org.br\/index.php\/da-marinha-as-ruas-a-trajetoria-de-miguel-vitoriano-no-trabalhismo\/","title":{"rendered":"Da Marinha \u00e0s ruas: a trajet\u00f3ria de Miguel Vitoriano no Trabalhismo"},"content":{"rendered":"<h3><em>Militante hist\u00f3rico do PDT relembra sua vida em entrevista \u00e0 s\u00e9rie Trabalhismo na Hist\u00f3ria<\/em><\/h3>\n<p>&nbsp;<\/p>\n<p>O militante hist\u00f3rico do PDT e atual presidente do partido em Niter\u00f3i (RJ), Miguel Vitoriano, \u00e9 o protagonista do novo epis\u00f3dio da s\u00e9rie Trabalhismo na Hist\u00f3ria, lan\u00e7ado na \u00faltima sexta-feira (1\u00ba\/8) no\u00a0<a href=\"https:\/\/www.youtube.com\/watch?v=K8sbJnPXhIE\" target=\"_blank\" rel=\"external noopener noreferrer\" data-wpel-link=\"external\">canal do Centro de Mem\u00f3ria Trabalhista (CMT) no YouTube<\/a>. Em um relato marcado por supera\u00e7\u00e3o e consci\u00eancia pol\u00edtica, ele conta como saiu da inf\u00e2ncia pobre em Salvador, passou pela Marinha durante a ditadura militar, enfrentou dois meses morando nas ruas do Rio de Janeiro e construiu uma trajet\u00f3ria at\u00e9 se tornar presidente do PDT de Niter\u00f3i.<\/p>\n<p>\u201cEu entrei para a Marinha no susto, aos 17 anos. Vinha de uma realidade dura em Salvador, morava em invas\u00e3o, metade lixo e metade mar\u00e9. Eu era completamente alienado, n\u00e3o sabia o que era ditadura, s\u00f3 queria sobreviver e encontrar um lugar ao sol\u201d, conta Vitoriano.<\/p>\n<p>A entrevista revela momentos marcantes, como a descoberta de Leonel Brizola e a aproxima\u00e7\u00e3o com o trabalhismo durante o movimento estudantil. Miguel relembra com clareza o per\u00edodo em que participou da campanha hist\u00f3rica de 1982 no Rio de Janeiro, quando Brizola venceu contra todas as previs\u00f5es.<\/p>\n<p>\u201cBrizola era uma grande refer\u00eancia pol\u00edtica e moral, mas eu sempre fui de admir\u00e1-lo de longe. A primeira vez que o vi pessoalmente foi na faculdade, em meio \u00e0 efervesc\u00eancia pol\u00edtica do in\u00edcio dos anos 80. Naquela \u00e9poca, a gente ainda acreditava que era poss\u00edvel transformar o pa\u00eds com idealismo e coragem\u201d, lembra.<\/p>\n<p>Morador de Niter\u00f3i, Miguel tamb\u00e9m destacou o impacto do projeto M\u00e9dico de Fam\u00edlia, que marcou as administra\u00e7\u00f5es trabalhistas na cidade e se tornou refer\u00eancia nacional.<\/p>\n<p>\u201cO M\u00e9dico de Fam\u00edlia foi um projeto avassalador do ponto de vista social. Ele come\u00e7ou com uma vis\u00e3o preventiva e transformou a rela\u00e7\u00e3o da cidade com a sa\u00fade p\u00fablica. Hoje, Niter\u00f3i n\u00e3o existe sem ele\u201d, afirma o trabalhista.<\/p>\n<p>Com uma vida que inspira resili\u00eancia e milit\u00e2ncia, Miguel encerra a entrevista com um recado \u00e0s novas gera\u00e7\u00f5es:<\/p>\n<p>\u201cAcredite em voc\u00ea. Procure as oportunidades. Voc\u00ea \u00e9 o que voc\u00ea quer ser. Eu quis sair do po\u00e7o e sa\u00ed. Mas voc\u00ea precisa querer de verdade, porque ningu\u00e9m vai te tirar de l\u00e1 se voc\u00ea n\u00e3o se mover\u201d, concluiu Vitoriano.<\/p>\n<p>A entrevista completa est\u00e1 dispon\u00edvel no\u00a0<a href=\"https:\/\/www.youtube.com\/watch?v=K8sbJnPXhIE\" target=\"_blank\" rel=\"external noopener noreferrer\" data-wpel-link=\"external\">canal do CMT no YouTube<\/a>.<\/p>\n<p><iframe loading=\"lazy\" title=\"Entrevista #37 - Trabalhismo na Hist\u00f3ria com Miguel Vitoriano.\" src=\"https:\/\/www.youtube.com\/embed\/K8sbJnPXhIE\" width=\"914\" height=\"514\" frameborder=\"0\" allowfullscreen=\"allowfullscreen\" data-mce-fragment=\"1\"><\/iframe><\/p>\n<!-- AddThis Advanced Settings generic via filter on the_content --><!-- AddThis Share Buttons generic via filter on the_content -->","protected":false},"excerpt":{"rendered":"<p>Militante hist\u00f3rico do PDT relembra sua vida em entrevista \u00e0 s\u00e9rie Trabalhismo na Hist\u00f3ria &nbsp; O militante hist\u00f3rico do PDT e atual presidente do partido em Niter\u00f3i (RJ), Miguel Vitoriano, \u00e9 o protagonista do novo epis\u00f3dio da s\u00e9rie Trabalhismo na Hist\u00f3ria, lan\u00e7ado na \u00faltima sexta-feira (1\u00ba\/8) no\u00a0canal do Centro de Mem\u00f3ria Trabalhista (CMT) no YouTube&#8230;.<!-- AddThis Advanced Settings generic via filter on wp_trim_excerpt --><!-- AddThis Share Buttons generic via filter on wp_trim_excerpt --><\/p>\n","protected":false},"author":17,"featured_media":84304,"comment_status":"closed","ping_status":"closed","sticky":false,"template":"","format":"standard","meta":{"_monsterinsights_skip_tracking":false,"_monsterinsights_sitenote_active":false,"_monsterinsights_sitenote_note":"","_monsterinsights_sitenote_category":0,"_uf_show_specific_survey":0,"_uf_disable_surveys":false,"footnotes":""},"categories":[1390,5414],"tags":[],"class_list":["post-84303","post","type-post","status-publish","format-standard","has-post-thumbnail","hentry","category-editorias","category-estado"],"acf":[],"_links":{"self":[{"href":"https:\/\/pdt-rj.org.br\/index.php\/wp-json\/wp\/v2\/posts\/84303","targetHints":{"allow":["GET"]}}],"collection":[{"href":"https:\/\/pdt-rj.org.br\/index.php\/wp-json\/wp\/v2\/posts"}],"about":[{"href":"https:\/\/pdt-rj.org.br\/index.php\/wp-json\/wp\/v2\/types\/post"}],"author":[{"embeddable":true,"href":"https:\/\/pdt-rj.org.br\/index.php\/wp-json\/wp\/v2\/users\/17"}],"replies":[{"embeddable":true,"href":"https:\/\/pdt-rj.org.br\/index.php\/wp-json\/wp\/v2\/comments?post=84303"}],"version-history":[{"count":3,"href":"https:\/\/pdt-rj.org.br\/index.php\/wp-json\/wp\/v2\/posts\/84303\/revisions"}],"predecessor-version":[{"id":84307,"href":"https:\/\/pdt-rj.org.br\/index.php\/wp-json\/wp\/v2\/posts\/84303\/revisions\/84307"}],"wp:featuredmedia":[{"embeddable":true,"href":"https:\/\/pdt-rj.org.br\/index.php\/wp-json\/wp\/v2\/media\/84304"}],"wp:attachment":[{"href":"https:\/\/pdt-rj.org.br\/index.php\/wp-json\/wp\/v2\/media?parent=84303"}],"wp:term":[{"taxonomy":"category","embeddable":true,"href":"https:\/\/pdt-rj.org.br\/index.php\/wp-json\/wp\/v2\/categories?post=84303"},{"taxonomy":"post_tag","embeddable":true,"href":"https:\/\/pdt-rj.org.br\/index.php\/wp-json\/wp\/v2\/tags?post=84303"}],"curies":[{"name":"wp","href":"https:\/\/api.w.org\/{rel}","templated":true}]}}