{"id":84289,"date":"2025-07-29T11:15:53","date_gmt":"2025-07-29T14:15:53","guid":{"rendered":"https:\/\/pdt-rj.org.br\/?p=84289"},"modified":"2025-08-04T12:31:40","modified_gmt":"2025-08-04T15:31:40","slug":"carlos-lupi-notifica-carlos-bolsonaro-por-conteudo-difamatorio-e-ofensivo","status":"publish","type":"post","link":"https:\/\/pdt-rj.org.br\/index.php\/carlos-lupi-notifica-carlos-bolsonaro-por-conteudo-difamatorio-e-ofensivo\/","title":{"rendered":"Carlos Lupi notifica Carlos Bolsonaro por conte\u00fado difamat\u00f3rio e ofensivo"},"content":{"rendered":"<p><strong>Vereador do Rio deve prestar esclarecimentos sobre postagem, no X, relacionada \u00e0 fraude do INSS<\/strong><\/p>\n<p>O presidente nacional do PDT, Carlos Lupi, notificou o vereador do Rio de Janeiro Carlos Bolsonaro por divulga\u00e7\u00e3o de conte\u00fado difamat\u00f3rio e ofensivo em rede social. A interpela\u00e7\u00e3o foi apresentada, no dia 22 de julho, no Tribunal de Justi\u00e7a fluminense.<\/p>\n<p>O parlamentar, que \u00e9 filho do ex-presidente Jair Bolsonaro, publicou na sua conta do X (antigo Twitter), no dia 15 de julho de 2025, uma \u201cmensagem, ainda que travestida de reprodu\u00e7\u00e3o jornal\u00edstica e coment\u00e1rio pol\u00edtico, que associa de forma direta e reiterada o nome do interpelante a um suposto envolvimento em fraude de R$ 6 bilh\u00f5es\u201d no \u00e2mbito do Instituto Nacional do Seguro Social (INSS)\u201d.<\/p>\n<p>Sobre a men\u00e7\u00e3o \u00e0 investiga\u00e7\u00e3o da Procuradoria-Geral da Rep\u00fablica (PGR), a peti\u00e7\u00e3o evidenciou o arquivamento \u201cjustamente por aus\u00eancia de ind\u00edcios da pr\u00e1tica de qualquer crime por parte do interpelante\u201d.<\/p>\n<p>\u201cN\u00e3o h\u00e1, nos autos do procedimento, qualquer imputa\u00e7\u00e3o formal, fato determinado ou elemento m\u00ednimo que vincule Carlos Lupi a esquema fraudulento. Ao contr\u00e1rio, as investiga\u00e7\u00f5es revelaram pr\u00e1ticas irregulares cometidas por associa\u00e7\u00f5es privadas, sem qualquer ind\u00edcio de participa\u00e7\u00e3o ou omiss\u00e3o do Minist\u00e9rio da Previd\u00eancia\u201d, detalhou.<\/p>\n<p>O documento mencionou ainda o alcance da postagem, que foi realizada \u00e0s 10h49 da manh\u00e3 e acumulou mais de 80 mil visualiza\u00e7\u00f5es nas primeiras horas. Diante do impacto gerado, \u201ca recusa em prestar tais esclarecimentos ou a presta\u00e7\u00e3o de justificativas insatisfat\u00f3rias poder\u00e1 ensejar a propositura da a\u00e7\u00e3o penal cab\u00edvel, nos moldes do art. 144 do C\u00f3digo Penal, al\u00e9m de autorizar presun\u00e7\u00f5es leg\u00edtimas em favor do interpelante\u201d.<\/p>\n<p>\u201cAo utilizar sua posi\u00e7\u00e3o p\u00fablica como vereador da cidade do Rio de Janeiro e sua proje\u00e7\u00e3o nacional como filho do ex-presidente Jair Bolsonaro, exerce influ\u00eancia direta sobre o debate pol\u00edtico e institucional, sendo, por isso, ainda mais respons\u00e1vel pelas palavras que publica em plataformas de grande visibilidade. Nesse sentido, a presente medida configura instrumento necess\u00e1rio \u00e0 preserva\u00e7\u00e3o da hohttps:\/\/we.tl\/t-cBhfjIcm0Cnra, da imagem e da dignidade institucional do interpelante\u201d, apontou a pe\u00e7a.<\/p>\n<p>Confira a \u00edntegra da interpela\u00e7\u00e3o: <a href=\"https:\/\/pdt-rj.org.br\/wp-content\/uploads\/2025\/07\/INTERPELACAO.JUDICIAL.LUPI_.CARLOS.BOLSONARO-1-1.pdf\">peti\u00e7\u00e3o<\/a><\/p>\n<!-- AddThis Advanced Settings generic via filter on the_content --><!-- AddThis Share Buttons generic via filter on the_content -->","protected":false},"excerpt":{"rendered":"<p>Vereador do Rio deve prestar esclarecimentos sobre postagem, no X, relacionada \u00e0 fraude do INSS O presidente nacional do PDT, Carlos Lupi, notificou o vereador do Rio de Janeiro Carlos Bolsonaro por divulga\u00e7\u00e3o de conte\u00fado difamat\u00f3rio e ofensivo em rede social. A interpela\u00e7\u00e3o foi apresentada, no dia 22 de julho, no Tribunal de Justi\u00e7a fluminense&#8230;.<!-- AddThis Advanced Settings generic via filter on wp_trim_excerpt --><!-- AddThis Share Buttons generic via filter on wp_trim_excerpt --><\/p>\n","protected":false},"author":17,"featured_media":84290,"comment_status":"closed","ping_status":"closed","sticky":false,"template":"","format":"standard","meta":{"_monsterinsights_skip_tracking":false,"_monsterinsights_sitenote_active":false,"_monsterinsights_sitenote_note":"","_monsterinsights_sitenote_category":0,"_uf_show_specific_survey":0,"_uf_disable_surveys":false,"footnotes":""},"categories":[1390,1401],"tags":[],"class_list":["post-84289","post","type-post","status-publish","format-standard","has-post-thumbnail","hentry","category-editorias","category-nacional"],"acf":[],"_links":{"self":[{"href":"https:\/\/pdt-rj.org.br\/index.php\/wp-json\/wp\/v2\/posts\/84289","targetHints":{"allow":["GET"]}}],"collection":[{"href":"https:\/\/pdt-rj.org.br\/index.php\/wp-json\/wp\/v2\/posts"}],"about":[{"href":"https:\/\/pdt-rj.org.br\/index.php\/wp-json\/wp\/v2\/types\/post"}],"author":[{"embeddable":true,"href":"https:\/\/pdt-rj.org.br\/index.php\/wp-json\/wp\/v2\/users\/17"}],"replies":[{"embeddable":true,"href":"https:\/\/pdt-rj.org.br\/index.php\/wp-json\/wp\/v2\/comments?post=84289"}],"version-history":[{"count":3,"href":"https:\/\/pdt-rj.org.br\/index.php\/wp-json\/wp\/v2\/posts\/84289\/revisions"}],"predecessor-version":[{"id":84301,"href":"https:\/\/pdt-rj.org.br\/index.php\/wp-json\/wp\/v2\/posts\/84289\/revisions\/84301"}],"wp:featuredmedia":[{"embeddable":true,"href":"https:\/\/pdt-rj.org.br\/index.php\/wp-json\/wp\/v2\/media\/84290"}],"wp:attachment":[{"href":"https:\/\/pdt-rj.org.br\/index.php\/wp-json\/wp\/v2\/media?parent=84289"}],"wp:term":[{"taxonomy":"category","embeddable":true,"href":"https:\/\/pdt-rj.org.br\/index.php\/wp-json\/wp\/v2\/categories?post=84289"},{"taxonomy":"post_tag","embeddable":true,"href":"https:\/\/pdt-rj.org.br\/index.php\/wp-json\/wp\/v2\/tags?post=84289"}],"curies":[{"name":"wp","href":"https:\/\/api.w.org\/{rel}","templated":true}]}}