{"id":84283,"date":"2025-07-28T15:44:01","date_gmt":"2025-07-28T18:44:01","guid":{"rendered":"https:\/\/pdt-rj.org.br\/?p=84283"},"modified":"2025-08-14T11:00:16","modified_gmt":"2025-08-14T14:00:16","slug":"zito-se-filia-ao-pdt-do-rio-de-janeiro-para-disputar-vaga-de-deputado-estadual","status":"publish","type":"post","link":"https:\/\/pdt-rj.org.br\/index.php\/zito-se-filia-ao-pdt-do-rio-de-janeiro-para-disputar-vaga-de-deputado-estadual\/","title":{"rendered":"Zito se filia ao PDT do Rio de Janeiro para disputar vaga de deputado estadual"},"content":{"rendered":"<p><strong>Presidente nacional, Carlos Lupi abona ficha do ex-prefeito de Duque de Caxias<\/strong><\/p>\n<p>O ex-prefeito de Duque de Caxias Zito anunciou, nesta segunda-feira (28), a sua filia\u00e7\u00e3o ao PDT para buscar uma vaga na Assembleia Legislativa do Estado do Rio de Janeiro (ALERJ) em 2026. A ficha foi abonada pelo presidente nacional do partido, Carlos Lupi.<\/p>\n<p>\u00c0 frente da Prefeitura da Baixada Fluminense por duas vezes, o pol\u00edtico buscar\u00e1 o seu quarto mandato, no parlamento estadual, a partir da parceria com o deputado federal Marcos Tavares, que buscar\u00e1 a reelei\u00e7\u00e3o.<\/p>\n<p>Exaltando o legado de Leonel Brizola, Zito ratificou o compromisso com as pautas populares ao retornar para as fileiras do partido.<\/p>\n<p>\u201cVolto para a casa do meu maior i\u0301dolo, o eterno Leonel de Moura Brizola, um gigante da poli\u0301tica brasileira e exemplo de luta pelo povo. Seguimos firmes na missa\u0303o de defender os interesses do nosso querido Rio de Janeiro, com um olhar especial para Duque de Caxias, cidade que pulsa em mim. Vamos juntos!\u201d, disse.<\/p>\n<p>Para Lupi, a chegada de Zito amplia a presen\u00e7a trabalhista no segundo maior col\u00e9gio eleitoral do estado e potencializa a constru\u00e7\u00e3o da nominata para as elei\u00e7\u00f5es do pr\u00f3ximo ano.<\/p>\n<p>\u201cO PDT ficar\u00e1 ainda mais forte com a dobrada de Marcos Tavares para federal e Zito para estadual. Vamos ampliar nossas bancadas na C\u00e2mara Federal e na Assembleia do Rio para seguir defendendo os interesses do povo fluminense e o legado de Leonel Brizola\u201d, afirmou.<\/p>\n<p>&nbsp;<\/p>\n<p>&nbsp;<\/p>\n<!-- AddThis Advanced Settings generic via filter on the_content --><!-- AddThis Share Buttons generic via filter on the_content -->","protected":false},"excerpt":{"rendered":"<p>Presidente nacional, Carlos Lupi abona ficha do ex-prefeito de Duque de Caxias O ex-prefeito de Duque de Caxias Zito anunciou, nesta segunda-feira (28), a sua filia\u00e7\u00e3o ao PDT para buscar uma vaga na Assembleia Legislativa do Estado do Rio de Janeiro (ALERJ) em 2026. A ficha foi abonada pelo presidente nacional do partido, Carlos Lupi&#8230;.<!-- AddThis Advanced Settings generic via filter on wp_trim_excerpt --><!-- AddThis Share Buttons generic via filter on wp_trim_excerpt --><\/p>\n","protected":false},"author":17,"featured_media":84286,"comment_status":"closed","ping_status":"closed","sticky":false,"template":"","format":"standard","meta":{"_monsterinsights_skip_tracking":false,"_monsterinsights_sitenote_active":false,"_monsterinsights_sitenote_note":"","_monsterinsights_sitenote_category":0,"_uf_show_specific_survey":0,"_uf_disable_surveys":false,"footnotes":""},"categories":[1390,5414],"tags":[],"class_list":["post-84283","post","type-post","status-publish","format-standard","has-post-thumbnail","hentry","category-editorias","category-estado"],"acf":[],"_links":{"self":[{"href":"https:\/\/pdt-rj.org.br\/index.php\/wp-json\/wp\/v2\/posts\/84283","targetHints":{"allow":["GET"]}}],"collection":[{"href":"https:\/\/pdt-rj.org.br\/index.php\/wp-json\/wp\/v2\/posts"}],"about":[{"href":"https:\/\/pdt-rj.org.br\/index.php\/wp-json\/wp\/v2\/types\/post"}],"author":[{"embeddable":true,"href":"https:\/\/pdt-rj.org.br\/index.php\/wp-json\/wp\/v2\/users\/17"}],"replies":[{"embeddable":true,"href":"https:\/\/pdt-rj.org.br\/index.php\/wp-json\/wp\/v2\/comments?post=84283"}],"version-history":[{"count":4,"href":"https:\/\/pdt-rj.org.br\/index.php\/wp-json\/wp\/v2\/posts\/84283\/revisions"}],"predecessor-version":[{"id":84321,"href":"https:\/\/pdt-rj.org.br\/index.php\/wp-json\/wp\/v2\/posts\/84283\/revisions\/84321"}],"wp:featuredmedia":[{"embeddable":true,"href":"https:\/\/pdt-rj.org.br\/index.php\/wp-json\/wp\/v2\/media\/84286"}],"wp:attachment":[{"href":"https:\/\/pdt-rj.org.br\/index.php\/wp-json\/wp\/v2\/media?parent=84283"}],"wp:term":[{"taxonomy":"category","embeddable":true,"href":"https:\/\/pdt-rj.org.br\/index.php\/wp-json\/wp\/v2\/categories?post=84283"},{"taxonomy":"post_tag","embeddable":true,"href":"https:\/\/pdt-rj.org.br\/index.php\/wp-json\/wp\/v2\/tags?post=84283"}],"curies":[{"name":"wp","href":"https:\/\/api.w.org\/{rel}","templated":true}]}}