{"id":84280,"date":"2025-07-25T09:57:56","date_gmt":"2025-07-25T12:57:56","guid":{"rendered":"https:\/\/pdt-rj.org.br\/?p=84280"},"modified":"2025-07-28T09:59:21","modified_gmt":"2025-07-28T12:59:21","slug":"nilo-batista-destaca-visao-unica-de-brizola-sobre-o-sistema-penal","status":"publish","type":"post","link":"https:\/\/pdt-rj.org.br\/index.php\/nilo-batista-destaca-visao-unica-de-brizola-sobre-o-sistema-penal\/","title":{"rendered":"Nilo Batista destaca vis\u00e3o \u00fanica de Brizola sobre o sistema penal"},"content":{"rendered":"<h3><em>Ex-vice-governador do Rio de Janeiro relembra trajet\u00f3ria e analisa legado do Trabalhismo em nova entrevista<\/em><\/h3>\n<p>\u201cBrizola foi o \u00fanico estadista brasileiro que percebeu a natureza pol\u00edtica das opress\u00f5es penais. Isso \u00e9 algo que voc\u00ea tem que ralar muito na universidade para compreender \u2014 e poucos compreendem. Brizola tinha isso intuitivamente\u201d.<\/p>\n<p>A fala \u00e9 do jurista e ex-vice-governador do Rio de Janeiro, Nilo Batista, na 36\u00aa edi\u00e7\u00e3o da s\u00e9rie Trabalhismo na Hist\u00f3ria, produzida pelo Centro de Mem\u00f3ria Trabalhista (CMT) da FLB-AP, que vai ao ar hoje (25). Em tom firme e direto, ele associa o sistema penal \u00e0 l\u00f3gica de acumula\u00e7\u00e3o capitalista e destaca a clareza com que Brizola compreendia esse mecanismo de opress\u00e3o.<\/p>\n<p>Na entrevista, Nilo revisita sua trajet\u00f3ria de vida, o in\u00edcio na advocacia criminal, sua experi\u00eancia \u00e0 frente da Secretaria de Seguran\u00e7a P\u00fablica do Rio de Janeiro e os bastidores do poder no per\u00edodo em que ocupou a vice-governadoria do estado.<\/p>\n<p>Ao longo do depoimento, ele compartilha tamb\u00e9m reflex\u00f5es sobre a conviv\u00eancia com Leonel Brizola e com lideran\u00e7as hist\u00f3ricas do Trabalhismo, compondo um registro denso, cr\u00edtico e necess\u00e1rio.<\/p>\n<p>A entrevista est\u00e1 dispon\u00edvel no\u00a0<a href=\"https:\/\/www.youtube.com\/c\/CentrodeMem%C3%B3riaTrabalhista\" target=\"_blank\" rel=\"external noopener noreferrer\" data-wpel-link=\"external\">canal do CMT no YouTube<\/a>.<\/p>\n<!-- AddThis Advanced Settings generic via filter on the_content --><!-- AddThis Share Buttons generic via filter on the_content -->","protected":false},"excerpt":{"rendered":"<p>Ex-vice-governador do Rio de Janeiro relembra trajet\u00f3ria e analisa legado do Trabalhismo em nova entrevista \u201cBrizola foi o \u00fanico estadista brasileiro que percebeu a natureza pol\u00edtica das opress\u00f5es penais. Isso \u00e9 algo que voc\u00ea tem que ralar muito na universidade para compreender \u2014 e poucos compreendem. Brizola tinha isso intuitivamente\u201d. A fala \u00e9 do jurista&#8230;<!-- AddThis Advanced Settings generic via filter on wp_trim_excerpt --><!-- AddThis Share Buttons generic via filter on wp_trim_excerpt --><\/p>\n","protected":false},"author":17,"featured_media":84281,"comment_status":"closed","ping_status":"closed","sticky":false,"template":"","format":"standard","meta":{"_monsterinsights_skip_tracking":false,"_monsterinsights_sitenote_active":false,"_monsterinsights_sitenote_note":"","_monsterinsights_sitenote_category":0,"_uf_show_specific_survey":0,"_uf_disable_surveys":false,"footnotes":""},"categories":[1390,1401],"tags":[],"class_list":["post-84280","post","type-post","status-publish","format-standard","has-post-thumbnail","hentry","category-editorias","category-nacional"],"acf":[],"_links":{"self":[{"href":"https:\/\/pdt-rj.org.br\/index.php\/wp-json\/wp\/v2\/posts\/84280","targetHints":{"allow":["GET"]}}],"collection":[{"href":"https:\/\/pdt-rj.org.br\/index.php\/wp-json\/wp\/v2\/posts"}],"about":[{"href":"https:\/\/pdt-rj.org.br\/index.php\/wp-json\/wp\/v2\/types\/post"}],"author":[{"embeddable":true,"href":"https:\/\/pdt-rj.org.br\/index.php\/wp-json\/wp\/v2\/users\/17"}],"replies":[{"embeddable":true,"href":"https:\/\/pdt-rj.org.br\/index.php\/wp-json\/wp\/v2\/comments?post=84280"}],"version-history":[{"count":1,"href":"https:\/\/pdt-rj.org.br\/index.php\/wp-json\/wp\/v2\/posts\/84280\/revisions"}],"predecessor-version":[{"id":84282,"href":"https:\/\/pdt-rj.org.br\/index.php\/wp-json\/wp\/v2\/posts\/84280\/revisions\/84282"}],"wp:featuredmedia":[{"embeddable":true,"href":"https:\/\/pdt-rj.org.br\/index.php\/wp-json\/wp\/v2\/media\/84281"}],"wp:attachment":[{"href":"https:\/\/pdt-rj.org.br\/index.php\/wp-json\/wp\/v2\/media?parent=84280"}],"wp:term":[{"taxonomy":"category","embeddable":true,"href":"https:\/\/pdt-rj.org.br\/index.php\/wp-json\/wp\/v2\/categories?post=84280"},{"taxonomy":"post_tag","embeddable":true,"href":"https:\/\/pdt-rj.org.br\/index.php\/wp-json\/wp\/v2\/tags?post=84280"}],"curies":[{"name":"wp","href":"https:\/\/api.w.org\/{rel}","templated":true}]}}