{"id":84273,"date":"2025-07-22T13:41:44","date_gmt":"2025-07-22T16:41:44","guid":{"rendered":"https:\/\/pdt-rj.org.br\/?p=84273"},"modified":"2025-08-19T11:10:52","modified_gmt":"2025-08-19T14:10:52","slug":"gestao-de-rodrigo-neves-fortalece-saude-publica-com-mais-de-900-atendimentos-em-maternidade-de-niteroi","status":"publish","type":"post","link":"https:\/\/pdt-rj.org.br\/index.php\/gestao-de-rodrigo-neves-fortalece-saude-publica-com-mais-de-900-atendimentos-em-maternidade-de-niteroi\/","title":{"rendered":"Gest\u00e3o de Rodrigo Neves fortalece sa\u00fade p\u00fablica com mais de 900 atendimentos em maternidade de Niter\u00f3i"},"content":{"rendered":"<p data-raofz=\"15\"><em><strong>\u201cAcreditamos no SUS para dar atendimento com dignidade para quem mais precisa\u201d, afirma o gestor<\/strong><\/em><\/p>\n<p data-raofz=\"15\">O prefeito de Niter\u00f3i (RJ), Rodrigo Neves (PDT), visitou a Maternidade Municipal Alzira Reis, em Charitas, para acompanhar o bom andamento da unidade que j\u00e1\u00a0realizou 932 atendimentos em pouco mais de dois meses de funcionamento, e ap\u00f3s passar por ampla reforma e moderniza\u00e7\u00e3o, sendo reinaugurada no dia 8 de maio de 2025. Ao todo, foram realizados 209 partos, sendo 128 normais e 81 ces\u00e1reos at\u00e9 quarta-feira (16). A unidade de sa\u00fade materno-infantil disp\u00f5e de um total de 28 leitos de interna\u00e7\u00e3o, sendo 10 novos leitos destinados ao atendimento das gestantes em trabalho de parto.<\/p>\n<p data-raofz=\"15\">Rodrigo Neves, que esteve acompanhado da primeira-dama Fernanda Sixel Neves; da secret\u00e1ria de Sa\u00fade, Ilza Fellows; e da secret\u00e1ria da Mulher, Thaiana Ivia, parabenizou a equipe e refor\u00e7ou a import\u00e2ncia do investimento na sa\u00fade para oferecer um atendimento digno, com conforto e qualidade.<\/p>\n<p data-raofz=\"15\">\u201cEssa maternidade \u00e9 um orgulho para Niter\u00f3i. A maternidade j\u00e1 fez mais de 200 partos e a gente recebeu v\u00e1rios nikitinhos. Estou muito feliz de ver aqui a dignidade e a qualidade do atendimento dessa equipe. Dentro da ideia do SUS, as prefeituras devem cuidar da aten\u00e7\u00e3o b\u00e1sica e da m\u00e9dia complexidade. Hospitais e alta complexidade deveriam ser de responsabilidade do governo do Estado. Aqui em Niter\u00f3i a gente est\u00e1 investindo muito, porque acreditamos no SUS, sobretudo para dar atendimento com dignidade para quem mais precisa. Ent\u00e3o, parab\u00e9ns a todos os profissionais de sa\u00fade\u201d, destacou Rodrigo Neves.<\/p>\n<p data-raofz=\"15\">A primeira-dama Fernanda Sixel Neves lembrou do projeto Maternidade de Portas Abertas, onde a equipe multidisciplinar realiza uma visita guiada com as gestantes. \u201cPara as gestantes que querem conhecer a maternidade, ela est\u00e1 de portas abertas todos os dias \u00e0s 15h. Venham conhecer aonde voc\u00eas ter\u00e3o os seus beb\u00eas\u201d, convidou.<\/p>\n<p data-raofz=\"15\">\u00a0A\u00a0Maternidade\u00a0Alzira Reis conta ainda com dois leitos de recupera\u00e7\u00e3o p\u00f3s-anest\u00e9sica e toda estrutura de apoio a partos cir\u00fargicos, assim como aos partos normais humanizados, com cinco novos ambientes planejados para a realiza\u00e7\u00e3o de pr\u00e9-parto, parto e p\u00f3s-parto no mesmo ambiente, al\u00e9m dos demais recursos de interna\u00e7\u00e3o, com acolhimento familiar. Tamb\u00e9m h\u00e1 uma Unidade de Cuidados Intermedi\u00e1rios para rec\u00e9m-nascidos.<\/p>\n<p data-raofz=\"15\">\u201cA\u00a0maternidade\u00a0agora tem um ambiente bastante acolhedor e humanizado, dentro do que as gestantes esperam e desejam para o momento mais importante de suas vidas: o nascimento de seus filhos. Estamos trabalhando para melhorar ainda mais e fortalecer a Sa\u00fade da Mulher em Niter\u00f3i\u201d, disse a secret\u00e1ria municipal de Sa\u00fade, Ilza Fellows.<\/p>\n<p data-raofz=\"15\"><strong>Parto humanizado<\/strong><\/p>\n<p data-raofz=\"15\">Diretora da\u00a0Maternidade\u00a0Alzira Reis, Diana Almeida ressaltou o trabalho humanizado da equipe no atendimento durante todo o processo de atendimento \u00e0 gestante e ao beb\u00ea.<\/p>\n<p data-raofz=\"15\">\u201c\u00c9 um trabalho incans\u00e1vel de toda equipe da gest\u00e3o e da assist\u00eancia na presta\u00e7\u00e3o para oferecer um atendimento qualificado e humanizado \u00e0 mulher durante a gesta\u00e7\u00e3o, parto e puerp\u00e9rio, priorizando a seguran\u00e7a e o bem-estar da m\u00e3e e do beb\u00ea. Mantemos como focos a redu\u00e7\u00e3o de interven\u00e7\u00f5es desnecess\u00e1rias, promo\u00e7\u00e3o do parto normal e a garantia da participa\u00e7\u00e3o ativa da mulher no processo\u201d, explica a diretora.<\/p>\n<p data-raofz=\"15\">Moradora do Centro, a professora Rayana Fernandes, 25 anos, fazia uma visita para conhecer a maternidade na quarta-feira (16), mas o pequeno Malik decidiu nascer e ela fez o parto humanizado na banheira.<\/p>\n<p data-raofz=\"15\">\u201cO que eu n\u00e3o esperava \u00e9 ter o meu filho na banheira, mas foi uma experi\u00eancia incr\u00edvel. At\u00e9 ent\u00e3o o parto para mim era uma novidade, porque \u00e9 meu primeiro filho. Ter tido na banheira fez total diferen\u00e7a e acredito que para outras mulheres, que possam realizar o parto nesse ambiente, ser\u00e1 magn\u00edfico como foi no meu parto\u201d, contou a jovem.<\/p>\n<p data-raofz=\"15\">Acompanhada do marido Victor Mafran, Juliana Souza buscou atendimento na\u00a0maternidade\u00a0e elogiou muito a estrutura e o atendimento da equipe, desde o in\u00edcio no pr\u00e9-parto, momento em que recebeu ajuda nas prepara\u00e7\u00f5es at\u00e9 o nascimento do seu filho Jos\u00e9 Victor, na madrugada do dia 7 de julho.<\/p>\n<p data-raofz=\"15\">\u201cN\u00e3o estava preparada para ter o Jos\u00e9 aqui. Ia para a rede privada, mas acabou que no meio do caminho a gente mudou o percurso e decidimos ficar aqui. Foi a minha melhor surpresa porque fui super bem acolhida e atendida. Meu filho chegou ao mundo nesse lugar muito especial. O pessoal foi muito atencioso. Eu amei. Todo mundo me acolheu e acolheu meu filho tamb\u00e9m e me preparou psicologicamente. Amei todo o processo. Grata!\u201d, disse Juliana.<\/p>\n<p data-raofz=\"15\"><strong>Ambiente acolhedor<\/strong><\/p>\n<p data-raofz=\"15\">A unidade passou por melhorias em todos os ambientes de acolhimento das gestantes, com salas espec\u00edficas para os exames de ultrassonografia, ecocardiograma e an\u00e1lises cl\u00ednicas; leitos de observa\u00e7\u00e3o para avalia\u00e7\u00e3o da indica\u00e7\u00e3o de interna\u00e7\u00e3o; al\u00e9m de ambientes planejados para acompanhantes e para as atividades de apoio ao aleitamento.<\/p>\n<p data-raofz=\"15\">A obra foi realizada pela Empresa de Infraestrutura e Obras de Niter\u00f3i (ION) com um investimento total da Prefeitura de Niter\u00f3i de R$ 27 milh\u00f5es.<\/p>\n<p data-raofz=\"15\"><strong>Sustentabilidade<\/strong><\/p>\n<p data-raofz=\"15\">A edifica\u00e7\u00e3o \u00e9 refer\u00eancia em sustentabilidade, com implementa\u00e7\u00e3o de elevadores eficientes, ilumina\u00e7\u00e3o natural, reuso da \u00e1gua da chuva, acessibilidade com pain\u00e9is adaptados para pessoas com d\u00e9ficit visual e sistema de controle por c\u00e2meras de seguran\u00e7a.<\/p>\n<!-- AddThis Advanced Settings generic via filter on the_content --><!-- AddThis Share Buttons generic via filter on the_content -->","protected":false},"excerpt":{"rendered":"<p>\u201cAcreditamos no SUS para dar atendimento com dignidade para quem mais precisa\u201d, afirma o gestor O prefeito de Niter\u00f3i (RJ), Rodrigo Neves (PDT), visitou a Maternidade Municipal Alzira Reis, em Charitas, para acompanhar o bom andamento da unidade que j\u00e1\u00a0realizou 932 atendimentos em pouco mais de dois meses de funcionamento, e ap\u00f3s passar por ampla&#8230;<!-- AddThis Advanced Settings generic via filter on wp_trim_excerpt --><!-- AddThis Share Buttons generic via filter on wp_trim_excerpt --><\/p>\n","protected":false},"author":17,"featured_media":84274,"comment_status":"closed","ping_status":"closed","sticky":false,"template":"","format":"standard","meta":{"_monsterinsights_skip_tracking":false,"_monsterinsights_sitenote_active":false,"_monsterinsights_sitenote_note":"","_monsterinsights_sitenote_category":0,"_uf_show_specific_survey":0,"_uf_disable_surveys":false,"footnotes":""},"categories":[1390,1402],"tags":[],"class_list":["post-84273","post","type-post","status-publish","format-standard","has-post-thumbnail","hentry","category-editorias","category-cidades"],"acf":[],"_links":{"self":[{"href":"https:\/\/pdt-rj.org.br\/index.php\/wp-json\/wp\/v2\/posts\/84273","targetHints":{"allow":["GET"]}}],"collection":[{"href":"https:\/\/pdt-rj.org.br\/index.php\/wp-json\/wp\/v2\/posts"}],"about":[{"href":"https:\/\/pdt-rj.org.br\/index.php\/wp-json\/wp\/v2\/types\/post"}],"author":[{"embeddable":true,"href":"https:\/\/pdt-rj.org.br\/index.php\/wp-json\/wp\/v2\/users\/17"}],"replies":[{"embeddable":true,"href":"https:\/\/pdt-rj.org.br\/index.php\/wp-json\/wp\/v2\/comments?post=84273"}],"version-history":[{"count":2,"href":"https:\/\/pdt-rj.org.br\/index.php\/wp-json\/wp\/v2\/posts\/84273\/revisions"}],"predecessor-version":[{"id":84276,"href":"https:\/\/pdt-rj.org.br\/index.php\/wp-json\/wp\/v2\/posts\/84273\/revisions\/84276"}],"wp:featuredmedia":[{"embeddable":true,"href":"https:\/\/pdt-rj.org.br\/index.php\/wp-json\/wp\/v2\/media\/84274"}],"wp:attachment":[{"href":"https:\/\/pdt-rj.org.br\/index.php\/wp-json\/wp\/v2\/media?parent=84273"}],"wp:term":[{"taxonomy":"category","embeddable":true,"href":"https:\/\/pdt-rj.org.br\/index.php\/wp-json\/wp\/v2\/categories?post=84273"},{"taxonomy":"post_tag","embeddable":true,"href":"https:\/\/pdt-rj.org.br\/index.php\/wp-json\/wp\/v2\/tags?post=84273"}],"curies":[{"name":"wp","href":"https:\/\/api.w.org\/{rel}","templated":true}]}}