{"id":84268,"date":"2025-07-15T13:28:07","date_gmt":"2025-07-15T16:28:07","guid":{"rendered":"https:\/\/pdt-rj.org.br\/?p=84268"},"modified":"2025-07-25T13:33:10","modified_gmt":"2025-07-25T16:33:10","slug":"aprovado-projeto-de-marcos-tavares-que-estimula-a-inclusao-de-informacoes-em-braile-em-comercios","status":"publish","type":"post","link":"https:\/\/pdt-rj.org.br\/index.php\/aprovado-projeto-de-marcos-tavares-que-estimula-a-inclusao-de-informacoes-em-braile-em-comercios\/","title":{"rendered":"Aprovado projeto de Marcos Tavares que estimula a inclus\u00e3o de informa\u00e7\u00f5es em braile em com\u00e9rcios"},"content":{"rendered":"<p><strong>Proposta cria o Selo de Boas Pr\u00e1ticas de Acessibilidade com benef\u00edcios<\/strong><\/p>\n<p>A Comiss\u00e3o de Direito das Pessoas com Defici\u00eancia aprovou, nesta ter\u00e7a-feira (15), com\u00a0substitutivo, o Projeto de Lei 5755\/23, do deputado Marcos Tavares, que obriga estabelecimentos comerciais (supermercado, farm\u00e1cias e etc.) a incluir informa\u00e7\u00f5es em braile em suas prateleiras de produtos. O texto estabelece ainda que os funcion\u00e1rios desses locais dever\u00e3o estar preparados para acompanhar e auxiliar pessoas com defici\u00eancia visual.<\/p>\n<p>O texto original prev\u00ea que micro e pequenas empresas poder\u00e3o ser dispensadas de ofertar as informa\u00e7\u00f5es em braile, desde que tenham funcion\u00e1rio habilitado para ajudar o deficiente visual sempre que solicitado.<\/p>\n<p>Contudo, houve altera\u00e7\u00e3o e foi retirado da proposta o termo \u201cobrigatoriedade. Face a isso, foi apresentado um texto alternativo para evitar impactos econ\u00f4micos, como gerar custos e aumento nos pre\u00e7os aos consumidores.<\/p>\n<p>Assim, a nova proposta cria o Selo de Boas Pr\u00e1ticas de Acessibilidade, com benef\u00edcios, concedido aos estabelecimentos, em geral, que adotem medidas como a sinaliza\u00e7\u00e3o em braile e outras a\u00e7\u00f5es de desenho universal. Os benef\u00edcios incluiriam prefer\u00eancia em licita\u00e7\u00f5es (em caso de empate) e o direito de utiliz\u00e1-lo em campanhas de marketing, valorizando a marca perante o p\u00fablico.<\/p>\n<p>\u201cEssa adapta\u00e7\u00e3o garante maior ades\u00e3o volunt\u00e1ria, reduz resist\u00eancias e amplia o alcance da pol\u00edtica, beneficiando tanto pessoas com defici\u00eancia quanto o setor empresarial, em um modelo sustent\u00e1vel e alinhado \u00e0s demandas sociais e econ\u00f4micas\u201d, garante a relatora, deputada Dayany Bittencourt.<\/p>\n<p>Tramita\u00e7\u00e3o: A proposta ainda ser\u00e1 analisada, em car\u00e1ter conclusivo, pelas comiss\u00f5es de Defesa do Consumidor; de Defesa dos Direitos das Pessoas com Defici\u00eancia; e de Constitui\u00e7\u00e3o e Justi\u00e7a e de Cidadania.<\/p>\n<!-- AddThis Advanced Settings generic via filter on the_content --><!-- AddThis Share Buttons generic via filter on the_content -->","protected":false},"excerpt":{"rendered":"<p>Proposta cria o Selo de Boas Pr\u00e1ticas de Acessibilidade com benef\u00edcios A Comiss\u00e3o de Direito das Pessoas com Defici\u00eancia aprovou, nesta ter\u00e7a-feira (15), com\u00a0substitutivo, o Projeto de Lei 5755\/23, do deputado Marcos Tavares, que obriga estabelecimentos comerciais (supermercado, farm\u00e1cias e etc.) a incluir informa\u00e7\u00f5es em braile em suas prateleiras de produtos. O texto estabelece ainda&#8230;<!-- AddThis Advanced Settings generic via filter on wp_trim_excerpt --><!-- AddThis Share Buttons generic via filter on wp_trim_excerpt --><\/p>\n","protected":false},"author":17,"featured_media":84269,"comment_status":"closed","ping_status":"closed","sticky":false,"template":"","format":"standard","meta":{"_monsterinsights_skip_tracking":false,"_monsterinsights_sitenote_active":false,"_monsterinsights_sitenote_note":"","_monsterinsights_sitenote_category":0,"_uf_show_specific_survey":0,"_uf_disable_surveys":false,"footnotes":""},"categories":[1390,1401],"tags":[],"class_list":["post-84268","post","type-post","status-publish","format-standard","has-post-thumbnail","hentry","category-editorias","category-nacional"],"acf":[],"_links":{"self":[{"href":"https:\/\/pdt-rj.org.br\/index.php\/wp-json\/wp\/v2\/posts\/84268","targetHints":{"allow":["GET"]}}],"collection":[{"href":"https:\/\/pdt-rj.org.br\/index.php\/wp-json\/wp\/v2\/posts"}],"about":[{"href":"https:\/\/pdt-rj.org.br\/index.php\/wp-json\/wp\/v2\/types\/post"}],"author":[{"embeddable":true,"href":"https:\/\/pdt-rj.org.br\/index.php\/wp-json\/wp\/v2\/users\/17"}],"replies":[{"embeddable":true,"href":"https:\/\/pdt-rj.org.br\/index.php\/wp-json\/wp\/v2\/comments?post=84268"}],"version-history":[{"count":1,"href":"https:\/\/pdt-rj.org.br\/index.php\/wp-json\/wp\/v2\/posts\/84268\/revisions"}],"predecessor-version":[{"id":84270,"href":"https:\/\/pdt-rj.org.br\/index.php\/wp-json\/wp\/v2\/posts\/84268\/revisions\/84270"}],"wp:featuredmedia":[{"embeddable":true,"href":"https:\/\/pdt-rj.org.br\/index.php\/wp-json\/wp\/v2\/media\/84269"}],"wp:attachment":[{"href":"https:\/\/pdt-rj.org.br\/index.php\/wp-json\/wp\/v2\/media?parent=84268"}],"wp:term":[{"taxonomy":"category","embeddable":true,"href":"https:\/\/pdt-rj.org.br\/index.php\/wp-json\/wp\/v2\/categories?post=84268"},{"taxonomy":"post_tag","embeddable":true,"href":"https:\/\/pdt-rj.org.br\/index.php\/wp-json\/wp\/v2\/tags?post=84268"}],"curies":[{"name":"wp","href":"https:\/\/api.w.org\/{rel}","templated":true}]}}