{"id":84266,"date":"2025-07-24T13:25:57","date_gmt":"2025-07-24T16:25:57","guid":{"rendered":"https:\/\/pdt-rj.org.br\/?p=84266"},"modified":"2025-09-12T15:23:55","modified_gmt":"2025-09-12T18:23:55","slug":"max-lemos-apresenta-proposta-com-acoes-para-preservar-e-conservar-os-recursos-hidricos-naturais-brasileiros","status":"publish","type":"post","link":"https:\/\/pdt-rj.org.br\/index.php\/max-lemos-apresenta-proposta-com-acoes-para-preservar-e-conservar-os-recursos-hidricos-naturais-brasileiros\/","title":{"rendered":"Max Lemos apresenta proposta com a\u00e7\u00f5es para preservar e conservar os recursos h\u00eddricos naturais brasileiros"},"content":{"rendered":"<p><strong>Iniciativa busca garantir a qualidade e a quantidade de \u00e1gua para o consumo humano, atividades econ\u00f4micas e ecossistemas<\/strong><\/p>\n<p>Tramita na C\u00e2mara dos Deputados o\u00a0Projeto de Lei 4816\/24,\u00a0do deputado Max Lemos, com medidas para proteger, monitorar e preservar nascentes e cursos d\u2019\u00e1gua em todo o territ\u00f3rio nacional. A proposta tamb\u00e9m penaliza, com mais rigidez, quem poluir os recursos h\u00eddricos naturais brasileiros.<\/p>\n<p>O objetivo \u00e9 garantir a qualidade e a quantidade de \u00e1gua para o consumo humano, atividades econ\u00f4micas e ecossistemas.<\/p>\n<p>Recursos h\u00eddricos naturais s\u00e3o\u00a0todas as formas de \u00e1gua presentes na natureza, incluindo superf\u00edcies como rios, lagos e aqu\u00edferos subterr\u00e2neos, essenciais para a vida e diversas atividades humanas.<\/p>\n<p>\u201cSabemos que a \u00e1gua \u00e9 um recurso essencial para a vida e o desenvolvimento socioecon\u00f4mico, mas encontra-se cada vez mais amea\u00e7ada por atividades humanas que comprometem sua qualidade e disponibilidade\u201d, ressalta o parlamentar.<\/p>\n<p>Segundo ele, o projeto visa assegurar a prote\u00e7\u00e3o de rios e nascentes por meio de um arcabou\u00e7o legal que combina medidas de monitoramento, preserva\u00e7\u00e3o, recupera\u00e7\u00e3o e puni\u00e7\u00e3o de infratores.<\/p>\n<p>Al\u00e9m disso, continua Max, a proposta \u201cincentiva a\u00e7\u00f5es proativas que promovam a conserva\u00e7\u00e3o dos recursos h\u00eddricos, alinhando o Brasil \u00e0s melhores pr\u00e1ticas internacionais e aos Objetivos de Desenvolvimento Sustent\u00e1vel (ODS).\u201d<\/p>\n<p>Tramita\u00e7\u00e3o: O projeto aguarda parecer do Relator na Comiss\u00e3o de Minas e Energia. e ainda vai se analisada pelas comiss\u00f5es de Meio Ambiente e Desenvolvimento Sustent\u00e1vel; Finan\u00e7as e Tributa\u00e7\u00e3o; e Constitui\u00e7\u00e3o e Justi\u00e7a e de Cidadania.<\/p>\n<!-- AddThis Advanced Settings generic via filter on the_content --><!-- AddThis Share Buttons generic via filter on the_content -->","protected":false},"excerpt":{"rendered":"<p>Iniciativa busca garantir a qualidade e a quantidade de \u00e1gua para o consumo humano, atividades econ\u00f4micas e ecossistemas Tramita na C\u00e2mara dos Deputados o\u00a0Projeto de Lei 4816\/24,\u00a0do deputado Max Lemos, com medidas para proteger, monitorar e preservar nascentes e cursos d\u2019\u00e1gua em todo o territ\u00f3rio nacional. A proposta tamb\u00e9m penaliza, com mais rigidez, quem poluir&#8230;<!-- AddThis Advanced Settings generic via filter on wp_trim_excerpt --><!-- AddThis Share Buttons generic via filter on wp_trim_excerpt --><\/p>\n","protected":false},"author":17,"featured_media":84272,"comment_status":"closed","ping_status":"closed","sticky":false,"template":"","format":"standard","meta":{"_monsterinsights_skip_tracking":false,"_monsterinsights_sitenote_active":false,"_monsterinsights_sitenote_note":"","_monsterinsights_sitenote_category":0,"_uf_show_specific_survey":0,"_uf_disable_surveys":false,"footnotes":""},"categories":[1390,1401],"tags":[],"class_list":["post-84266","post","type-post","status-publish","format-standard","has-post-thumbnail","hentry","category-editorias","category-nacional"],"acf":[],"_links":{"self":[{"href":"https:\/\/pdt-rj.org.br\/index.php\/wp-json\/wp\/v2\/posts\/84266","targetHints":{"allow":["GET"]}}],"collection":[{"href":"https:\/\/pdt-rj.org.br\/index.php\/wp-json\/wp\/v2\/posts"}],"about":[{"href":"https:\/\/pdt-rj.org.br\/index.php\/wp-json\/wp\/v2\/types\/post"}],"author":[{"embeddable":true,"href":"https:\/\/pdt-rj.org.br\/index.php\/wp-json\/wp\/v2\/users\/17"}],"replies":[{"embeddable":true,"href":"https:\/\/pdt-rj.org.br\/index.php\/wp-json\/wp\/v2\/comments?post=84266"}],"version-history":[{"count":1,"href":"https:\/\/pdt-rj.org.br\/index.php\/wp-json\/wp\/v2\/posts\/84266\/revisions"}],"predecessor-version":[{"id":84267,"href":"https:\/\/pdt-rj.org.br\/index.php\/wp-json\/wp\/v2\/posts\/84266\/revisions\/84267"}],"wp:featuredmedia":[{"embeddable":true,"href":"https:\/\/pdt-rj.org.br\/index.php\/wp-json\/wp\/v2\/media\/84272"}],"wp:attachment":[{"href":"https:\/\/pdt-rj.org.br\/index.php\/wp-json\/wp\/v2\/media?parent=84266"}],"wp:term":[{"taxonomy":"category","embeddable":true,"href":"https:\/\/pdt-rj.org.br\/index.php\/wp-json\/wp\/v2\/categories?post=84266"},{"taxonomy":"post_tag","embeddable":true,"href":"https:\/\/pdt-rj.org.br\/index.php\/wp-json\/wp\/v2\/tags?post=84266"}],"curies":[{"name":"wp","href":"https:\/\/api.w.org\/{rel}","templated":true}]}}