{"id":84263,"date":"2025-07-21T12:30:16","date_gmt":"2025-07-21T15:30:16","guid":{"rendered":"https:\/\/pdt-rj.org.br\/?p=84263"},"modified":"2025-08-06T18:11:09","modified_gmt":"2025-08-06T21:11:09","slug":"carlos-lupi-e-direcao-da-flb-ap-definem-planejamento-estrategico-de-formacao-politica-do-pdt","status":"publish","type":"post","link":"https:\/\/pdt-rj.org.br\/index.php\/carlos-lupi-e-direcao-da-flb-ap-definem-planejamento-estrategico-de-formacao-politica-do-pdt\/","title":{"rendered":"Carlos Lupi e dire\u00e7\u00e3o da FLB-AP definem planejamento estrat\u00e9gico de forma\u00e7\u00e3o pol\u00edtica do PDT"},"content":{"rendered":"<p><em><strong>Com foco em 2026, reuni\u00e3o mobiliza representantes nacionais e estaduais da organiza\u00e7\u00e3o trabalhista<\/strong><\/em><\/p>\n<p>O presidente nacional do PDT, Carlos Lupi, promoveu, nesta segunda-feira (21), uma reuni\u00e3o virtual com a dire\u00e7\u00e3o nacional e os vice-presidentes da Funda\u00e7\u00e3o Leonel Brizola \u2013 Alberto Pasqualini (FLB-AP) para analisar o planejamento de forma\u00e7\u00e3o pol\u00edtica dos quadros trabalhistas.<\/p>\n<p>Representando o presidente nacional licenciado da FLB-AP, Manoel Dias, a coordena\u00e7\u00e3o interina, composta pelo secret\u00e1rio nacional adjunto do PDT e secret\u00e1rio-geral da Funda\u00e7\u00e3o, Andr\u00e9 Menegotto, pelo diretor do Centro de Forma\u00e7\u00e3o de Gestores Trabalhistas (CFGT), Jos\u00e9 Carlos Rassier, e pelo vice-presidente da FLB-AP na Regi\u00e3o Sul, Nelton Friedrich, apresentou as a\u00e7\u00f5es realizadas ao longo dos \u00faltimos meses e as propostas para os pr\u00f3ximos anos, em parceria com o partido.<\/p>\n<p>Entre as prioridades, a implementa\u00e7\u00e3o do Projeto de Forma\u00e7\u00e3o Trabalhista nos estados a partir do suporte fornecido pelos setores da organiza\u00e7\u00e3o pedetista, como o Centro de Mem\u00f3ria Trabalhista, a Universidade Leonel Brizola (ULB), a Secretaria de N\u00facleos de Base e o CFGT.<\/p>\n<p>Como resultado, a estrat\u00e9gia de forma\u00e7\u00e3o ampliar\u00e1, segundo Lupi, a presen\u00e7a pedetista localmente e potencializar\u00e1 as nominatas para as elei\u00e7\u00f5es majorit\u00e1rias e proporcionais em 2026.<\/p>\n<p>\u201cPrecisamos intensificar o entrosamento da Funda\u00e7\u00e3o com a A\u00e7\u00e3o da Mulher Trabalhista, a Juventude Socialista e demais movimentos para potencializar, a partir dos cursos presencial e virtual, o aprimoramento de quadros partid\u00e1rios e o fortalecimento das chapas\u201d, disse, ao indicar a coordena\u00e7\u00e3o estadual pelos vice-presidentes da FLB-AP para inserir os contextos regionais.<\/p>\n<p>\u201cA renova\u00e7\u00e3o n\u00e3o vem s\u00f3 com a idade. Temos que alimentar os nossos sonhos. Por isso, em cada estado, temos que ter conte\u00fados nacional e local para impulsionar as pautas do Trabalhismo, como os direitos dos trabalhadores e aposentados e a democracia. E, assim, contar com mentes renovadas\u201d, completou.<\/p>\n<p>Ao citar a filia\u00e7\u00e3o de Roberto Requi\u00e3o e Requi\u00e3o Filho na \u00faltima semana, Andr\u00e9 Menegotto comentou a import\u00e2ncia de novos quadros para a expans\u00e3o do partido.<\/p>\n<p>\u201cEstamos propondo uma importante agenda para desenvolver os quadros do PDT no restante deste ano e para 2026\u201d, explicou.<\/p>\n<p>Rassier detalhou as bases do projeto de desenvolvimento, que ser\u00e1 implementado em conjunto com as dire\u00e7\u00f5es estaduais do partido e da Funda\u00e7\u00e3o.<\/p>\n<p>\u201cEntre os grandes objetivos, temos a inser\u00e7\u00e3o do partido no debate p\u00fablico. A partir do projeto, apresentaremos aos pedetistas informa\u00e7\u00f5es para dialogar sobre temas fundamentais, como soberania e democracia\u201d, explicou, ao lado de Ades Oliveira, coordenador da FLB-AP.<\/p>\n<p>Para Sirley Soalheiro, que \u00e9 secret\u00e1ria-geral do PDT de Minas Gerais e integrante da dire\u00e7\u00e3o da AMT, disse que o partido precisa seguir estimulando a participa\u00e7\u00e3o, principalmente de mulheres, para conquistar mandatos.<\/p>\n<p>\u201cTemos um calend\u00e1rio da AMT definido para formar as mulheres. Com o apoio da Funda\u00e7\u00e3o, vamos avan\u00e7ar com a motiva\u00e7\u00e3o e a qualifica\u00e7\u00e3o da nossa milit\u00e2ncia\u201d, concluiu.<\/p>\n<!-- AddThis Advanced Settings generic via filter on the_content --><!-- AddThis Share Buttons generic via filter on the_content -->","protected":false},"excerpt":{"rendered":"<p>Com foco em 2026, reuni\u00e3o mobiliza representantes nacionais e estaduais da organiza\u00e7\u00e3o trabalhista O presidente nacional do PDT, Carlos Lupi, promoveu, nesta segunda-feira (21), uma reuni\u00e3o virtual com a dire\u00e7\u00e3o nacional e os vice-presidentes da Funda\u00e7\u00e3o Leonel Brizola \u2013 Alberto Pasqualini (FLB-AP) para analisar o planejamento de forma\u00e7\u00e3o pol\u00edtica dos quadros trabalhistas. Representando o presidente&#8230;<!-- AddThis Advanced Settings generic via filter on wp_trim_excerpt --><!-- AddThis Share Buttons generic via filter on wp_trim_excerpt --><\/p>\n","protected":false},"author":17,"featured_media":84264,"comment_status":"closed","ping_status":"closed","sticky":false,"template":"","format":"standard","meta":{"_monsterinsights_skip_tracking":false,"_monsterinsights_sitenote_active":false,"_monsterinsights_sitenote_note":"","_monsterinsights_sitenote_category":0,"_uf_show_specific_survey":0,"_uf_disable_surveys":false,"footnotes":""},"categories":[1390,1401],"tags":[],"class_list":["post-84263","post","type-post","status-publish","format-standard","has-post-thumbnail","hentry","category-editorias","category-nacional"],"acf":[],"_links":{"self":[{"href":"https:\/\/pdt-rj.org.br\/index.php\/wp-json\/wp\/v2\/posts\/84263","targetHints":{"allow":["GET"]}}],"collection":[{"href":"https:\/\/pdt-rj.org.br\/index.php\/wp-json\/wp\/v2\/posts"}],"about":[{"href":"https:\/\/pdt-rj.org.br\/index.php\/wp-json\/wp\/v2\/types\/post"}],"author":[{"embeddable":true,"href":"https:\/\/pdt-rj.org.br\/index.php\/wp-json\/wp\/v2\/users\/17"}],"replies":[{"embeddable":true,"href":"https:\/\/pdt-rj.org.br\/index.php\/wp-json\/wp\/v2\/comments?post=84263"}],"version-history":[{"count":1,"href":"https:\/\/pdt-rj.org.br\/index.php\/wp-json\/wp\/v2\/posts\/84263\/revisions"}],"predecessor-version":[{"id":84265,"href":"https:\/\/pdt-rj.org.br\/index.php\/wp-json\/wp\/v2\/posts\/84263\/revisions\/84265"}],"wp:featuredmedia":[{"embeddable":true,"href":"https:\/\/pdt-rj.org.br\/index.php\/wp-json\/wp\/v2\/media\/84264"}],"wp:attachment":[{"href":"https:\/\/pdt-rj.org.br\/index.php\/wp-json\/wp\/v2\/media?parent=84263"}],"wp:term":[{"taxonomy":"category","embeddable":true,"href":"https:\/\/pdt-rj.org.br\/index.php\/wp-json\/wp\/v2\/categories?post=84263"},{"taxonomy":"post_tag","embeddable":true,"href":"https:\/\/pdt-rj.org.br\/index.php\/wp-json\/wp\/v2\/tags?post=84263"}],"curies":[{"name":"wp","href":"https:\/\/api.w.org\/{rel}","templated":true}]}}