{"id":84257,"date":"2025-07-24T12:26:12","date_gmt":"2025-07-24T15:26:12","guid":{"rendered":"https:\/\/pdt-rj.org.br\/?p=84257"},"modified":"2025-07-25T12:27:18","modified_gmt":"2025-07-25T15:27:18","slug":"lupi-coloca-juventude-socialista-como-elo-fundamental-da-renovacao-do-pdt","status":"publish","type":"post","link":"https:\/\/pdt-rj.org.br\/index.php\/lupi-coloca-juventude-socialista-como-elo-fundamental-da-renovacao-do-pdt\/","title":{"rendered":"Lupi coloca Juventude Socialista como elo fundamental da renova\u00e7\u00e3o do PDT"},"content":{"rendered":"<p><em><strong>Encontro com a Dire\u00e7\u00e3o Nacional do movimento aprimora a estrat\u00e9gia de estrutura\u00e7\u00e3o e amplia\u00e7\u00e3o<\/strong><\/em><\/p>\n<p>Na reuni\u00e3o virtual com a Executiva Nacional da Juventude Socialista (JS) nesta ter\u00e7a-feira (8), o presidente nacional do PDT, Carlos Lupi, enfatizou que o movimento de base \u00e9 um elo fundamental no processo de renova\u00e7\u00e3o do partido nos pr\u00f3ximos anos.<\/p>\n<p>Ao propor a constru\u00e7\u00e3o coletiva de um manifesto que contemple os 12 pontos centrais que envolvem o movimento, o presidente Lupi indicou que o processo de estrutura\u00e7\u00e3o da JS ampliar\u00e1 as bases trabalhistas, bem como potencializar\u00e1 a forma\u00e7\u00e3o das chapas pedetistas em 2026.<\/p>\n<p>\u201cTemos que avan\u00e7ar, paralelamente, entre as quest\u00f5es partid\u00e1rias e eleitorais. Por isso, pe\u00e7o que voc\u00eas desenvolvam um programa para subsidiar nossos candidatos, que ser\u00e3o apoiados pelo partido, al\u00e9m de debater a concilia\u00e7\u00e3o dos estatutos, a integra\u00e7\u00e3o da comunica\u00e7\u00e3o e a organiza\u00e7\u00e3o das conven\u00e7\u00f5es estaduais e nacional\u201d, disse.<\/p>\n<p>\u201c\u00c9 um sentimento m\u00fatuo de compromisso para renovar e preparar os nossos jovens quadros. \u00c9 a atua\u00e7\u00e3o que d\u00e1 legitimidade. Vamos concretizar um processo de cria\u00e7\u00e3o de novas gera\u00e7\u00f5es de trabalhistas mesclando o que somos, propomos e representamos em uma popula\u00e7\u00e3o diversificada que mostra seus anseios\u201d, completou.<\/p>\n<p>A presidente nacional da JS, Estephanny Neves, afirmou que a organiza\u00e7\u00e3o est\u00e1 avan\u00e7ando nos estados para que suas representa\u00e7\u00f5es alcancem vit\u00f3rias representativas.<\/p>\n<p>\u201cTrabalhamos para o identificar e empoderar os nossos quadros para que fortale\u00e7am o partido e o movimento\u201d, salientou.<\/p>\n<p>\u201c\u00c9 importante manter a unidade para a constru\u00e7\u00e3o da JS e contar com o apoio do presidente Lupi e do PDT\u201d, finalizou.<\/p>\n<!-- AddThis Advanced Settings generic via filter on the_content --><!-- AddThis Share Buttons generic via filter on the_content -->","protected":false},"excerpt":{"rendered":"<p>Encontro com a Dire\u00e7\u00e3o Nacional do movimento aprimora a estrat\u00e9gia de estrutura\u00e7\u00e3o e amplia\u00e7\u00e3o Na reuni\u00e3o virtual com a Executiva Nacional da Juventude Socialista (JS) nesta ter\u00e7a-feira (8), o presidente nacional do PDT, Carlos Lupi, enfatizou que o movimento de base \u00e9 um elo fundamental no processo de renova\u00e7\u00e3o do partido nos pr\u00f3ximos anos. Ao&#8230;<!-- AddThis Advanced Settings generic via filter on wp_trim_excerpt --><!-- AddThis Share Buttons generic via filter on wp_trim_excerpt --><\/p>\n","protected":false},"author":17,"featured_media":84258,"comment_status":"closed","ping_status":"closed","sticky":false,"template":"","format":"standard","meta":{"_monsterinsights_skip_tracking":false,"_monsterinsights_sitenote_active":false,"_monsterinsights_sitenote_note":"","_monsterinsights_sitenote_category":0,"_uf_show_specific_survey":0,"_uf_disable_surveys":false,"footnotes":""},"categories":[1390,1401],"tags":[],"class_list":["post-84257","post","type-post","status-publish","format-standard","has-post-thumbnail","hentry","category-editorias","category-nacional"],"acf":[],"_links":{"self":[{"href":"https:\/\/pdt-rj.org.br\/index.php\/wp-json\/wp\/v2\/posts\/84257","targetHints":{"allow":["GET"]}}],"collection":[{"href":"https:\/\/pdt-rj.org.br\/index.php\/wp-json\/wp\/v2\/posts"}],"about":[{"href":"https:\/\/pdt-rj.org.br\/index.php\/wp-json\/wp\/v2\/types\/post"}],"author":[{"embeddable":true,"href":"https:\/\/pdt-rj.org.br\/index.php\/wp-json\/wp\/v2\/users\/17"}],"replies":[{"embeddable":true,"href":"https:\/\/pdt-rj.org.br\/index.php\/wp-json\/wp\/v2\/comments?post=84257"}],"version-history":[{"count":1,"href":"https:\/\/pdt-rj.org.br\/index.php\/wp-json\/wp\/v2\/posts\/84257\/revisions"}],"predecessor-version":[{"id":84259,"href":"https:\/\/pdt-rj.org.br\/index.php\/wp-json\/wp\/v2\/posts\/84257\/revisions\/84259"}],"wp:featuredmedia":[{"embeddable":true,"href":"https:\/\/pdt-rj.org.br\/index.php\/wp-json\/wp\/v2\/media\/84258"}],"wp:attachment":[{"href":"https:\/\/pdt-rj.org.br\/index.php\/wp-json\/wp\/v2\/media?parent=84257"}],"wp:term":[{"taxonomy":"category","embeddable":true,"href":"https:\/\/pdt-rj.org.br\/index.php\/wp-json\/wp\/v2\/categories?post=84257"},{"taxonomy":"post_tag","embeddable":true,"href":"https:\/\/pdt-rj.org.br\/index.php\/wp-json\/wp\/v2\/tags?post=84257"}],"curies":[{"name":"wp","href":"https:\/\/api.w.org\/{rel}","templated":true}]}}