{"id":84254,"date":"2025-07-23T12:23:44","date_gmt":"2025-07-23T15:23:44","guid":{"rendered":"https:\/\/pdt-rj.org.br\/?p=84254"},"modified":"2025-08-06T18:10:57","modified_gmt":"2025-08-06T21:10:57","slug":"pdt-assina-manifesto-de-partidos-politicos-em-defesa-do-stf","status":"publish","type":"post","link":"https:\/\/pdt-rj.org.br\/index.php\/pdt-assina-manifesto-de-partidos-politicos-em-defesa-do-stf\/","title":{"rendered":"PDT assina manifesto de partidos pol\u00edticos em defesa do STF"},"content":{"rendered":"<p><em><strong>23<\/strong><\/em><\/p>\n<p>O PDT, representando pelo presidente nacional Carlos Lupi, assinou um manifesto de partidos pol\u00edticos em defesa do Superior Tribunal Federal (STF) e dos ministros ap\u00f3s os ataques do governo dos Estados Unidos, liderados pelo presidente Donald Trump. Divulgado nesta quarta-feira (23), o documento conta ainda com o apoiamento do PT, PSB, PSOL, PCdoB, PV e Cidadania.<\/p>\n<p>Segundo os representantes das siglas, a Corte brasileira tem atuado \u201cno cumprimento da lei, na defesa da Constitui\u00e7\u00e3o de nosso pa\u00eds e da nossa democracia\u201d diante das medidas unilaterais norte-americanas, que representam um \u201cgesto indevido, agressivo e sem precedentes nas rela\u00e7\u00f5es bicenten\u00e1rias\u201d.<\/p>\n<p>A crise tem como base a a\u00e7\u00e3o penal sobre a tentativa de golpe e os atentados de 8 de janeiro de 2023, que foi liderada pelo ex-presidente e r\u00e9u Jair Bolsonaro. Para os presidentes das siglas, o julgamento \u201ctranscorre estritamente no devido processo legal, inclusive com ampla garantia do contradit\u00f3rio\u201d, mesmo diante das sucessivas \u201ctentativas de coa\u00e7\u00e3o da Justi\u00e7a\u201d.<\/p>\n<p>Ao final, os signat\u00e1rios ratificam a \u201cirrestrita solidariedade aos ministros do STF\u201d e \u201ca defesa irrenunci\u00e1vel da soberania nacional e das nossas institui\u00e7\u00f5es\u201d.<\/p>\n<p><strong>Confira a \u00edntegra do manifesto:<\/strong><\/p>\n<p>Recebemos com profunda indigna\u00e7\u00e3o a not\u00edcia de que o governo dos Estados Unidos, liderado por Donald Trump, determinou san\u00e7\u00f5es unilaterais a ministros do Supremo Tribunal Federal do Brasil por sua atua\u00e7\u00e3o no cumprimento da lei, na defesa da Constitui\u00e7\u00e3o de nosso pa\u00eds e da nossa democracia.<\/p>\n<p>Este gesto indevido, agressivo e sem precedentes nas rela\u00e7\u00f5es bicenten\u00e1rias de nossos pa\u00edses, torna-se ainda mais grave por sua manifesta motiva\u00e7\u00e3o pol\u00edtica, configurando uma inger\u00eancia esp\u00faria no processo democr\u00e1tico brasileiro e um ataque \u00e0 soberania nacional.<\/p>\n<p>A a\u00e7\u00e3o penal no STF sobre a tentativa de golpe e os atentados de 8 de janeiro de 2023 transcorre estritamente no devido processo legal, inclusive com ampla garantia do contradit\u00f3rio. As tentativas de coa\u00e7\u00e3o da Justi\u00e7a neste processo, venham de onde vierem, recebem o rep\u00fadio da sociedade brasileira.<\/p>\n<p>As retalia\u00e7\u00f5es agora anunciadas seguem-se a san\u00e7\u00f5es e amea\u00e7as de natureza tarif\u00e1ria e comercial, que foram igualmente contaminadas por interesses pol\u00edticos, quando deveriam ser objeto de negocia\u00e7\u00e3o como prop\u00f5em o governo e o setor produtivo do Brasil.<\/p>\n<p>Manifestamos irrestrita solidariedade aos ministros do STF, ao mesmo tempo em que reafirmamos a defesa irrenunci\u00e1vel da soberania nacional e das nossas institui\u00e7\u00f5es.<\/p>\n<!-- AddThis Advanced Settings generic via filter on the_content --><!-- AddThis Share Buttons generic via filter on the_content -->","protected":false},"excerpt":{"rendered":"<p>23 O PDT, representando pelo presidente nacional Carlos Lupi, assinou um manifesto de partidos pol\u00edticos em defesa do Superior Tribunal Federal (STF) e dos ministros ap\u00f3s os ataques do governo dos Estados Unidos, liderados pelo presidente Donald Trump. Divulgado nesta quarta-feira (23), o documento conta ainda com o apoiamento do PT, PSB, PSOL, PCdoB, PV&#8230;<!-- AddThis Advanced Settings generic via filter on wp_trim_excerpt --><!-- AddThis Share Buttons generic via filter on wp_trim_excerpt --><\/p>\n","protected":false},"author":17,"featured_media":84255,"comment_status":"closed","ping_status":"closed","sticky":false,"template":"","format":"standard","meta":{"_monsterinsights_skip_tracking":false,"_monsterinsights_sitenote_active":false,"_monsterinsights_sitenote_note":"","_monsterinsights_sitenote_category":0,"_uf_show_specific_survey":0,"_uf_disable_surveys":false,"footnotes":""},"categories":[1390,1401],"tags":[],"class_list":["post-84254","post","type-post","status-publish","format-standard","has-post-thumbnail","hentry","category-editorias","category-nacional"],"acf":[],"_links":{"self":[{"href":"https:\/\/pdt-rj.org.br\/index.php\/wp-json\/wp\/v2\/posts\/84254","targetHints":{"allow":["GET"]}}],"collection":[{"href":"https:\/\/pdt-rj.org.br\/index.php\/wp-json\/wp\/v2\/posts"}],"about":[{"href":"https:\/\/pdt-rj.org.br\/index.php\/wp-json\/wp\/v2\/types\/post"}],"author":[{"embeddable":true,"href":"https:\/\/pdt-rj.org.br\/index.php\/wp-json\/wp\/v2\/users\/17"}],"replies":[{"embeddable":true,"href":"https:\/\/pdt-rj.org.br\/index.php\/wp-json\/wp\/v2\/comments?post=84254"}],"version-history":[{"count":2,"href":"https:\/\/pdt-rj.org.br\/index.php\/wp-json\/wp\/v2\/posts\/84254\/revisions"}],"predecessor-version":[{"id":84277,"href":"https:\/\/pdt-rj.org.br\/index.php\/wp-json\/wp\/v2\/posts\/84254\/revisions\/84277"}],"wp:featuredmedia":[{"embeddable":true,"href":"https:\/\/pdt-rj.org.br\/index.php\/wp-json\/wp\/v2\/media\/84255"}],"wp:attachment":[{"href":"https:\/\/pdt-rj.org.br\/index.php\/wp-json\/wp\/v2\/media?parent=84254"}],"wp:term":[{"taxonomy":"category","embeddable":true,"href":"https:\/\/pdt-rj.org.br\/index.php\/wp-json\/wp\/v2\/categories?post=84254"},{"taxonomy":"post_tag","embeddable":true,"href":"https:\/\/pdt-rj.org.br\/index.php\/wp-json\/wp\/v2\/tags?post=84254"}],"curies":[{"name":"wp","href":"https:\/\/api.w.org\/{rel}","templated":true}]}}