{"id":84248,"date":"2025-07-14T13:35:11","date_gmt":"2025-07-14T16:35:11","guid":{"rendered":"https:\/\/pdt-rj.org.br\/?p=84248"},"modified":"2025-07-25T13:44:23","modified_gmt":"2025-07-25T16:44:23","slug":"rodrigo-neves-anuncia-fila-zero-para-eliminar-espera-por-exames-no-sus","status":"publish","type":"post","link":"https:\/\/pdt-rj.org.br\/index.php\/rodrigo-neves-anuncia-fila-zero-para-eliminar-espera-por-exames-no-sus\/","title":{"rendered":"Rodrigo Neves anuncia Fila Zero para eliminar espera por exames no SUS"},"content":{"rendered":"<p data-raofz=\"15\"><em><strong>Em Niter\u00f3i, iniciativa visa garantir a realiza\u00e7\u00e3o de 10 mil exames por m\u00eas<\/strong><\/em><\/p>\n<p data-raofz=\"15\">A Prefeitura de Niter\u00f3i (RJ) lan\u00e7ou, nesta segunda-feira (14), no audit\u00f3rio do Caminho Niemeyer, o programa Fila Zero, iniciativa que visa ampliar o acesso da popula\u00e7\u00e3o que utiliza a rede p\u00fablica a exames na rede privada e eliminar o tempo de espera por atendimento no Sistema \u00danico de Sa\u00fade (SUS). O programa prev\u00ea a realiza\u00e7\u00e3o de exames por meio da contrata\u00e7\u00e3o de entidades privadas ou sem fins lucrativos, utilizando uma tabela emergencial de complementa\u00e7\u00e3o financeira dos valores praticados pelo SUS.<\/p>\n<p>O Fila Zero vai ampliar a cobertura assistencial com o fortalecimento da Rede Municipal de Aten\u00e7\u00e3o \u00e0 Sa\u00fade, por meio da Tabela SUS-Niter\u00f3i, que prev\u00ea valores diferenciados para a remunera\u00e7\u00e3o dos servi\u00e7os prestados. Para o prefeito Rodrigo Neves, o programa \u00e9 essencial para garantir o acesso da popula\u00e7\u00e3o ao atendimento de qualidade.<\/p>\n<p data-raofz=\"15\">\u201cO que me move \u00e9 especialmente cuidar daqueles que mais precisam. Essa \u00e9 uma causa de minha vida. Estamos dando um passo aqui para construir uma Niter\u00f3i que orgulha a todos, uma Niter\u00f3i que d\u00e1 oportunidade e dignidade humana para todos os seus cidad\u00e3os. A gente precisa dar conta desse desafio de zerar as filas de exames. Preciso muito que os profissionais de sa\u00fade, na ponta, os m\u00e9dicos de fam\u00edlia e as policl\u00ednicas fa\u00e7am um esfor\u00e7o concentrado junto com o comando central da Secretaria de Sa\u00fade, junto com o setor privado, e que a gente possa, quem sabe, em dezembro, zerar essa fila de exames e consultas na cidade. Estamos falando de 10.000 exames por m\u00eas nessa parceria\u201d, afirmou Rodrigo Neves.<\/p>\n<p>A secret\u00e1ria municipal de Sa\u00fade, Ilza Fellows, destacou que a demanda por exames aumentou significativamente ap\u00f3s a pandemia da Covid-19, com a popula\u00e7\u00e3o buscando mais os servi\u00e7os da aten\u00e7\u00e3o b\u00e1sica. Atualmente, cerca de 95% do p\u00fablico-alvo de Niter\u00f3i est\u00e1 coberto pelo programa M\u00e9dico de Fam\u00edlia e pela rede de aten\u00e7\u00e3o b\u00e1sica.<\/p>\n<p data-raofz=\"15\">\u201cO programa Fila Zero nasceu para atender uma demanda reprimida de exames e de algumas consultas de especialistas. A proposta \u00e9 que a gente, atrav\u00e9s de uma parceria, de um credenciamento direto com a rede privada, consiga atender essa demanda enquanto reestruturamos a pr\u00f3pria rede para poder absorver a demanda natural. Lan\u00e7amos o programa e o primeiro edital sai amanh\u00e3. A gente vai lan\u00e7ar v\u00e1rios editais por grupos de exames\u201d, explicou a secret\u00e1ria de Sa\u00fade.<\/p>\n<p data-raofz=\"15\">Atualmente, a rede municipal recebe, em m\u00e9dia, 8.700 pedidos mensais de exames em casos preventivos. Este n\u00famero n\u00e3o inclui os exames de urg\u00eancia, que s\u00e3o realizados diariamente nas unidades de sa\u00fade. Os exames com maior demanda s\u00e3o: ecocardiografia transtor\u00e1cica, colonoscopia, ultrassonografia mam\u00e1ria bilateral e endoscopia digestiva.<\/p>\n<p><strong>Tabela SUS-Niter\u00f3i<\/strong><\/p>\n<p data-raofz=\"15\">A tabela diferenciada foi institu\u00edda por decreto ap\u00f3s aprova\u00e7\u00e3o do Conselho Municipal de Sa\u00fade. Os valores foram definidos com base em pesquisas de mercado, levando em conta os custos efetivos dos servi\u00e7os, a quantidade de vagas ofertadas, a disponibilidade or\u00e7ament\u00e1ria e outros fatores relevantes.<\/p>\n<p>Os valores poder\u00e3o ser reajustados mediante proposta da Secretaria Municipal de Sa\u00fade e valida\u00e7\u00e3o do Conselho de Sa\u00fade, especialmente em casos de altera\u00e7\u00e3o da tabela nacional do SUS ou necessidade de ajuste para garantir equil\u00edbrio financeiro e viabilidade dos servi\u00e7os.<\/p>\n<p>A complementa\u00e7\u00e3o financeira ser\u00e1 custeada com recursos pr\u00f3prios do munic\u00edpio. A Tabela SUS-Niter\u00f3i poder\u00e1 ser revogada a qualquer momento, por decreto, em caso de interesse p\u00fablico.<\/p>\n<!-- AddThis Advanced Settings generic via filter on the_content --><!-- AddThis Share Buttons generic via filter on the_content -->","protected":false},"excerpt":{"rendered":"<p>Em Niter\u00f3i, iniciativa visa garantir a realiza\u00e7\u00e3o de 10 mil exames por m\u00eas A Prefeitura de Niter\u00f3i (RJ) lan\u00e7ou, nesta segunda-feira (14), no audit\u00f3rio do Caminho Niemeyer, o programa Fila Zero, iniciativa que visa ampliar o acesso da popula\u00e7\u00e3o que utiliza a rede p\u00fablica a exames na rede privada e eliminar o tempo de espera&#8230;<!-- AddThis Advanced Settings generic via filter on wp_trim_excerpt --><!-- AddThis Share Buttons generic via filter on wp_trim_excerpt --><\/p>\n","protected":false},"author":17,"featured_media":84253,"comment_status":"closed","ping_status":"closed","sticky":false,"template":"","format":"standard","meta":{"_monsterinsights_skip_tracking":false,"_monsterinsights_sitenote_active":false,"_monsterinsights_sitenote_note":"","_monsterinsights_sitenote_category":0,"_uf_show_specific_survey":0,"_uf_disable_surveys":false,"footnotes":""},"categories":[1390,1402],"tags":[],"class_list":["post-84248","post","type-post","status-publish","format-standard","has-post-thumbnail","hentry","category-editorias","category-cidades"],"acf":[],"_links":{"self":[{"href":"https:\/\/pdt-rj.org.br\/index.php\/wp-json\/wp\/v2\/posts\/84248","targetHints":{"allow":["GET"]}}],"collection":[{"href":"https:\/\/pdt-rj.org.br\/index.php\/wp-json\/wp\/v2\/posts"}],"about":[{"href":"https:\/\/pdt-rj.org.br\/index.php\/wp-json\/wp\/v2\/types\/post"}],"author":[{"embeddable":true,"href":"https:\/\/pdt-rj.org.br\/index.php\/wp-json\/wp\/v2\/users\/17"}],"replies":[{"embeddable":true,"href":"https:\/\/pdt-rj.org.br\/index.php\/wp-json\/wp\/v2\/comments?post=84248"}],"version-history":[{"count":1,"href":"https:\/\/pdt-rj.org.br\/index.php\/wp-json\/wp\/v2\/posts\/84248\/revisions"}],"predecessor-version":[{"id":84249,"href":"https:\/\/pdt-rj.org.br\/index.php\/wp-json\/wp\/v2\/posts\/84248\/revisions\/84249"}],"wp:featuredmedia":[{"embeddable":true,"href":"https:\/\/pdt-rj.org.br\/index.php\/wp-json\/wp\/v2\/media\/84253"}],"wp:attachment":[{"href":"https:\/\/pdt-rj.org.br\/index.php\/wp-json\/wp\/v2\/media?parent=84248"}],"wp:term":[{"taxonomy":"category","embeddable":true,"href":"https:\/\/pdt-rj.org.br\/index.php\/wp-json\/wp\/v2\/categories?post=84248"},{"taxonomy":"post_tag","embeddable":true,"href":"https:\/\/pdt-rj.org.br\/index.php\/wp-json\/wp\/v2\/tags?post=84248"}],"curies":[{"name":"wp","href":"https:\/\/api.w.org\/{rel}","templated":true}]}}