{"id":84245,"date":"2025-07-16T13:32:53","date_gmt":"2025-07-16T16:32:53","guid":{"rendered":"https:\/\/pdt-rj.org.br\/?p=84245"},"modified":"2025-07-25T13:37:57","modified_gmt":"2025-07-25T16:37:57","slug":"niteroi-ocupa-terceiro-lugar-no-ranking-nacional-de-saneamento-basico","status":"publish","type":"post","link":"https:\/\/pdt-rj.org.br\/index.php\/niteroi-ocupa-terceiro-lugar-no-ranking-nacional-de-saneamento-basico\/","title":{"rendered":"Niter\u00f3i ocupa terceiro lugar no ranking nacional de saneamento b\u00e1sico"},"content":{"rendered":"<p><em><strong>A cidade, sob gest\u00e3o de Rodrigo Neves, \u00e9 a primeira e \u00fanica do Rio entre as dez melhores do pa\u00eds<\/strong><\/em><\/p>\n<p>O munic\u00edpio de Niter\u00f3i (RJ), gerida pelo prefeito Rodrigo Neves (PDT-RJ), continua se destacando no saneamento b\u00e1sico nacional. O munic\u00edpio subiu quatro posi\u00e7\u00f5es e ocupa o terceiro lugar entre as localidades com o melhor atendimento e tratamento de \u00e1gua e esgoto no ranking do Instituto Trata Brasil, divulgado nessa ter\u00e7a-feira (15). No Estado do Rio de Janeiro, a cidade \u00e9 a primeira colocada e a \u00fanica que aparece entre as dez melhores do pa\u00eds.<\/p>\n<p>Niter\u00f3i possui 100% da popula\u00e7\u00e3o atendida pelo servi\u00e7o de abastecimento de \u00e1gua, 95,6% de cobertura no atendimento de esgoto e 100% de tratamento do esgoto coletado. Entre 2019 e 2023, a cidade recebeu cerca de R$ 197 milh\u00f5es em investimentos em melhorias no setor.<\/p>\n<p>Rodrigo Neves comemorou o resultado e ressaltou que \u00e9 fruto de muito trabalho e investimento, a fim de melhorar, cada vez mais, a qualidade de vida da popula\u00e7\u00e3o de Niter\u00f3i.<\/p>\n<p>\u201c\u00c9 muito gratificante porque isso \u00e9 resultado de planejamento, de investimento, de parceria p\u00fablico-privada, de uma regula\u00e7\u00e3o bem feita e, sobretudo, do compromisso que a gente tem com a preserva\u00e7\u00e3o e recupera\u00e7\u00e3o do meio ambiente, com a qualidade de vida e com a sa\u00fade do cidad\u00e3o. Vamos em frente rumo aos 100% do esgoto tratado. Hoje j\u00e1 somos 96%\u201d, enfatizou ele.<\/p>\n<p>No ano passado, Niter\u00f3i havia ficado em s\u00e9timo lugar no ranking nacional e j\u00e1 aparecia como a melhor cidade do estado do Rio de Janeiro em saneamento b\u00e1sico. O munic\u00edpio tamb\u00e9m vem mostrando evolu\u00e7\u00e3o em rela\u00e7\u00e3o a perdas na distribui\u00e7\u00e3o de \u00e1gua. O \u00edndice apresentou nova queda em rela\u00e7\u00e3o ao estudo anterior, continuando bem abaixo da m\u00e9dia nacional: em 2024, era de 25%, e agora chegou a menos de 20%. Isso significa que a cidade evitou a perda de 361 litros de \u00e1gua por liga\u00e7\u00e3o, diariamente.<\/p>\n<p>Al\u00e9m do destaque no tratamento de esgoto, Niter\u00f3i faz parte de um grupo de apenas 11 munic\u00edpios brasileiros que possuem 100% de servi\u00e7os universalizados em atendimento de \u00e1gua.<\/p>\n<p>A concession\u00e1ria \u00c1guas de Niter\u00f3i, respons\u00e1vel pelo servi\u00e7o na regi\u00e3o, tem o programa \u00c1gua de Valor, que busca aumentar a efici\u00eancia dos sistemas de distribui\u00e7\u00e3o de \u00e1gua. Como parte da iniciativa, a empresa investe em a\u00e7\u00f5es como estudos de modelagem hidr\u00e1ulica; substitui\u00e7\u00e3o de hidr\u00f4metros para manuten\u00e7\u00e3o da efici\u00eancia de medi\u00e7\u00e3o do parque; substitui\u00e7\u00e3o de redes obsoletas; fiscaliza\u00e7\u00e3o e regulariza\u00e7\u00e3o de liga\u00e7\u00f5es clandestinas; e pesquisa e conserto de vazamentos n\u00e3o vis\u00edveis, com aux\u00edlio de um sistema de intelig\u00eancia artificial, o Fluid, desenvolvido por uma startup.<\/p>\n<p>\u201cO programa \u00c1gua de Valor acontece em todas as concession\u00e1rias do Grupo \u00c1guas do Brasil e, assim, seguimos aprimorando os nossos processos e desenvolvendo novas solu\u00e7\u00f5es para chegarmos a \u00edndices de perdas cada vez menores\u201d, afirmou Bernardo Gon\u00e7alves, diretor-executivo da \u00c1guas de Niter\u00f3i.<\/p>\n<!-- AddThis Advanced Settings generic via filter on the_content --><!-- AddThis Share Buttons generic via filter on the_content -->","protected":false},"excerpt":{"rendered":"<p>A cidade, sob gest\u00e3o de Rodrigo Neves, \u00e9 a primeira e \u00fanica do Rio entre as dez melhores do pa\u00eds O munic\u00edpio de Niter\u00f3i (RJ), gerida pelo prefeito Rodrigo Neves (PDT-RJ), continua se destacando no saneamento b\u00e1sico nacional. O munic\u00edpio subiu quatro posi\u00e7\u00f5es e ocupa o terceiro lugar entre as localidades com o melhor atendimento&#8230;<!-- AddThis Advanced Settings generic via filter on wp_trim_excerpt --><!-- AddThis Share Buttons generic via filter on wp_trim_excerpt --><\/p>\n","protected":false},"author":17,"featured_media":84246,"comment_status":"closed","ping_status":"closed","sticky":false,"template":"","format":"standard","meta":{"_monsterinsights_skip_tracking":false,"_monsterinsights_sitenote_active":false,"_monsterinsights_sitenote_note":"","_monsterinsights_sitenote_category":0,"_uf_show_specific_survey":0,"_uf_disable_surveys":false,"footnotes":""},"categories":[1390,1402],"tags":[],"class_list":["post-84245","post","type-post","status-publish","format-standard","has-post-thumbnail","hentry","category-editorias","category-cidades"],"acf":[],"_links":{"self":[{"href":"https:\/\/pdt-rj.org.br\/index.php\/wp-json\/wp\/v2\/posts\/84245","targetHints":{"allow":["GET"]}}],"collection":[{"href":"https:\/\/pdt-rj.org.br\/index.php\/wp-json\/wp\/v2\/posts"}],"about":[{"href":"https:\/\/pdt-rj.org.br\/index.php\/wp-json\/wp\/v2\/types\/post"}],"author":[{"embeddable":true,"href":"https:\/\/pdt-rj.org.br\/index.php\/wp-json\/wp\/v2\/users\/17"}],"replies":[{"embeddable":true,"href":"https:\/\/pdt-rj.org.br\/index.php\/wp-json\/wp\/v2\/comments?post=84245"}],"version-history":[{"count":1,"href":"https:\/\/pdt-rj.org.br\/index.php\/wp-json\/wp\/v2\/posts\/84245\/revisions"}],"predecessor-version":[{"id":84247,"href":"https:\/\/pdt-rj.org.br\/index.php\/wp-json\/wp\/v2\/posts\/84245\/revisions\/84247"}],"wp:featuredmedia":[{"embeddable":true,"href":"https:\/\/pdt-rj.org.br\/index.php\/wp-json\/wp\/v2\/media\/84246"}],"wp:attachment":[{"href":"https:\/\/pdt-rj.org.br\/index.php\/wp-json\/wp\/v2\/media?parent=84245"}],"wp:term":[{"taxonomy":"category","embeddable":true,"href":"https:\/\/pdt-rj.org.br\/index.php\/wp-json\/wp\/v2\/categories?post=84245"},{"taxonomy":"post_tag","embeddable":true,"href":"https:\/\/pdt-rj.org.br\/index.php\/wp-json\/wp\/v2\/tags?post=84245"}],"curies":[{"name":"wp","href":"https:\/\/api.w.org\/{rel}","templated":true}]}}