{"id":84232,"date":"2025-07-10T10:35:34","date_gmt":"2025-07-10T13:35:34","guid":{"rendered":"https:\/\/pdt-rj.org.br\/?p=84232"},"modified":"2025-07-25T13:38:02","modified_gmt":"2025-07-25T16:38:02","slug":"tre-do-rio-de-janeiro-confirma-mandato-do-pdt-na-alerj","status":"publish","type":"post","link":"https:\/\/pdt-rj.org.br\/index.php\/tre-do-rio-de-janeiro-confirma-mandato-do-pdt-na-alerj\/","title":{"rendered":"TRE do Rio de Janeiro confirma mandato do PDT na ALERJ"},"content":{"rendered":"<p><strong>Partido espera posse imediata de Wanderson Nogueira como suplente de Martha Rocha\u00a0\u00a0<\/strong><\/p>\n<p>O Tribunal Regional Eleitoral do Rio de Janeiro (TRE-RJ) ratificou, na ter\u00e7a-feira (8), a decis\u00e3o de assegurar ao PDT a supl\u00eancia da deputada estadual pedetista Martha Rocha.<\/p>\n<p>H\u00e1 mais de seis meses, o mandato \u00e9 exercido indevidamente por Ricardo da Karol, filiado ao PL.<\/p>\n<p>Com a confirma\u00e7\u00e3o da Justi\u00e7a Eleitoral, o partido espera a posse imediata de Wanderson Nogueira, de Nova Friburgo, como parlamentar na Assembleia Legislativa do Estado do Rio de Janeiro (Alerj).<\/p>\n<!-- AddThis Advanced Settings generic via filter on the_content --><!-- AddThis Share Buttons generic via filter on the_content -->","protected":false},"excerpt":{"rendered":"<p>Partido espera posse imediata de Wanderson Nogueira como suplente de Martha Rocha\u00a0\u00a0 O Tribunal Regional Eleitoral do Rio de Janeiro (TRE-RJ) ratificou, na ter\u00e7a-feira (8), a decis\u00e3o de assegurar ao PDT a supl\u00eancia da deputada estadual pedetista Martha Rocha. H\u00e1 mais de seis meses, o mandato \u00e9 exercido indevidamente por Ricardo da Karol, filiado ao&#8230;<!-- AddThis Advanced Settings generic via filter on wp_trim_excerpt --><!-- AddThis Share Buttons generic via filter on wp_trim_excerpt --><\/p>\n","protected":false},"author":17,"featured_media":84252,"comment_status":"closed","ping_status":"closed","sticky":false,"template":"","format":"standard","meta":{"_monsterinsights_skip_tracking":false,"_monsterinsights_sitenote_active":false,"_monsterinsights_sitenote_note":"","_monsterinsights_sitenote_category":0,"_uf_show_specific_survey":0,"_uf_disable_surveys":false,"footnotes":""},"categories":[1390,5414],"tags":[],"class_list":["post-84232","post","type-post","status-publish","format-standard","has-post-thumbnail","hentry","category-editorias","category-estado"],"acf":[],"_links":{"self":[{"href":"https:\/\/pdt-rj.org.br\/index.php\/wp-json\/wp\/v2\/posts\/84232","targetHints":{"allow":["GET"]}}],"collection":[{"href":"https:\/\/pdt-rj.org.br\/index.php\/wp-json\/wp\/v2\/posts"}],"about":[{"href":"https:\/\/pdt-rj.org.br\/index.php\/wp-json\/wp\/v2\/types\/post"}],"author":[{"embeddable":true,"href":"https:\/\/pdt-rj.org.br\/index.php\/wp-json\/wp\/v2\/users\/17"}],"replies":[{"embeddable":true,"href":"https:\/\/pdt-rj.org.br\/index.php\/wp-json\/wp\/v2\/comments?post=84232"}],"version-history":[{"count":4,"href":"https:\/\/pdt-rj.org.br\/index.php\/wp-json\/wp\/v2\/posts\/84232\/revisions"}],"predecessor-version":[{"id":84251,"href":"https:\/\/pdt-rj.org.br\/index.php\/wp-json\/wp\/v2\/posts\/84232\/revisions\/84251"}],"wp:featuredmedia":[{"embeddable":true,"href":"https:\/\/pdt-rj.org.br\/index.php\/wp-json\/wp\/v2\/media\/84252"}],"wp:attachment":[{"href":"https:\/\/pdt-rj.org.br\/index.php\/wp-json\/wp\/v2\/media?parent=84232"}],"wp:term":[{"taxonomy":"category","embeddable":true,"href":"https:\/\/pdt-rj.org.br\/index.php\/wp-json\/wp\/v2\/categories?post=84232"},{"taxonomy":"post_tag","embeddable":true,"href":"https:\/\/pdt-rj.org.br\/index.php\/wp-json\/wp\/v2\/tags?post=84232"}],"curies":[{"name":"wp","href":"https:\/\/api.w.org\/{rel}","templated":true}]}}