{"id":84225,"date":"2025-06-30T11:18:06","date_gmt":"2025-06-30T14:18:06","guid":{"rendered":"https:\/\/pdt-rj.org.br\/?p=84225"},"modified":"2025-07-18T13:40:34","modified_gmt":"2025-07-18T16:40:34","slug":"rodrigo-neves-sanciona-lei-que-cria-programa-para-zerar-fila-de-espera-por-exames-no-sus-em-niteroi","status":"publish","type":"post","link":"https:\/\/pdt-rj.org.br\/index.php\/rodrigo-neves-sanciona-lei-que-cria-programa-para-zerar-fila-de-espera-por-exames-no-sus-em-niteroi\/","title":{"rendered":"Rodrigo Neves sanciona lei que cria programa para zerar fila de espera por exames no SUS em Niter\u00f3i"},"content":{"rendered":"<p data-raofz=\"15\"><em><strong>J\u00e1 previsto para julho, projeto prev\u00ea parcerias com setor privado com recursos do munic\u00edpio<\/strong><\/em><\/p>\n<p data-raofz=\"15\">O prefeito de Niter\u00f3i (RJ), Rodrigo Neves (PDT), sancionou nessa quarta-feira (25) a lei que cria o programa Fila Zero, que tem como objetivo eliminar a fila de espera por exames na rede p\u00fablica e reduzir o tempo de atendimento no Sistema \u00danico de Sa\u00fade (SUS). A iniciativa prev\u00ea a realiza\u00e7\u00e3o de exames por meio da contrata\u00e7\u00e3o de entidades privadas ou sem fins lucrativos, utilizando uma tabela emergencial de complementa\u00e7\u00e3o financeira dos valores praticados pelo SUS. A parceria come\u00e7a em julho.<\/p>\n<p data-raofz=\"15\">O projeto de lei que institui o programa foi aprovado no \u00faltimo dia 12 na C\u00e2mara de Vereadores, e agora ser\u00e1 analisado pelo Conselho Municipal de Sa\u00fade.<\/p>\n<p data-raofz=\"15\">O Fila Zero vai ampliar a cobertura assistencial com o fortalecimento da Rede Municipal de Aten\u00e7\u00e3o \u00e0 Sa\u00fade, por meio da Tabela SUS-Niter\u00f3i, que prev\u00ea valores diferenciados para a remunera\u00e7\u00e3o dos servi\u00e7os prestados. Para o prefeito Rodrigo Neves, o programa \u00e9 essencial para garantir o acesso da popula\u00e7\u00e3o ao atendimento de qualidade.<\/p>\n<p data-raofz=\"15\">\u201cA sa\u00fade \u00e9 uma das prioridades da nossa gest\u00e3o. Estamos investindo de forma planejada para fortalecer a rede p\u00fablica e garantir o acesso da popula\u00e7\u00e3o a um atendimento digno e de qualidade. A parceria com entidades privadas, em car\u00e1ter complementar, \u00e9 fundamental para acelerar a resposta do SUS e cumprir nosso compromisso com o direito \u00e0 sa\u00fade. Sabemos que o tempo de espera impacta diretamente na vida das pessoas, e nosso objetivo com o programa Fila Zero \u00e9 reduzir esse intervalo de maneira eficiente, respons\u00e1vel e humana\u201d, destacou o pedetista Rodrigo Neves.<\/p>\n<p data-raofz=\"15\">A secret\u00e1ria municipal de Sa\u00fade, Ilza Fellows, destacou que a demanda por exames aumentou significativamente no p\u00f3s-pandemia, com a popula\u00e7\u00e3o buscando mais os servi\u00e7os da aten\u00e7\u00e3o b\u00e1sica. Atualmente, cerca de 95% do p\u00fablico-alvo de Niter\u00f3i est\u00e1 coberto pelo Programa M\u00e9dico de Fam\u00edlia e pela rede de aten\u00e7\u00e3o b\u00e1sica.<\/p>\n<p data-raofz=\"15\">\u201cNosso foco \u00e9 oferecer um atendimento mais r\u00e1pido e de qualidade. Super Centro de Exames, Imagens e Especialidades e a contrata\u00e7\u00e3o de 267 novos m\u00e9dicos para a rede municipal s\u00e3o solu\u00e7\u00f5es de m\u00e9dio prazo, mas, enquanto essas a\u00e7\u00f5es s\u00e3o estruturadas, o credenciamento de prestadores privados permitir\u00e1 acelerar a resposta \u00e0s demandas reprimidas\u201d, explicou a secret\u00e1ria.<\/p>\n<p data-raofz=\"15\"><strong>Quadro atual do munic\u00edpio\u00a0<\/strong><\/p>\n<p data-raofz=\"15\">Atualmente, a rede municipal recebe, em m\u00e9dia, 8.700 pedidos mensais de exames em casos preventivos \u2013 n\u00famero que n\u00e3o inclui os exames de urg\u00eancia, que s\u00e3o realizados diariamente nas unidades de sa\u00fade. Os exames com maior demanda s\u00e3o: ecocardiografia transtor\u00e1cica (4.337), colonoscopia (4.185), ultrassonografia mam\u00e1ria bilateral (2.623) e endoscopia digestiva (2.526).<\/p>\n<p data-raofz=\"15\">\u201c\u00c9 uma iniciativa muito boa e que n\u00f3s j\u00e1 v\u00ednhamos conversando para ajudar a ter essa uni\u00e3o entre setor p\u00fablico e privado, que, no final das contas, \u00e9 um fortalecimento do SUS para aqueles que mais precisam, para terem mais agilidade e qualidade no atendimento. Acho que vai ser um grande passo para a popula\u00e7\u00e3o de Niter\u00f3i\u201d, destacou o presidente do Sindicato de Hospitais e Cl\u00ednicas de Niter\u00f3i e Leste Fluminense (Sindhleste), Felipe Albuquerque.<\/p>\n<p data-raofz=\"15\"><strong>Tabela SUS-Niter\u00f3i<br \/>\n<\/strong><br \/>\nA tabela diferenciada ser\u00e1 institu\u00edda por decreto ap\u00f3s aprova\u00e7\u00e3o do Conselho Municipal de Sa\u00fade. Os valores ser\u00e3o definidos com base em pesquisas de mercado, levando em conta os custos efetivos dos servi\u00e7os, a quantidade de vagas ofertadas, a disponibilidade or\u00e7ament\u00e1ria e outros fatores relevantes.<\/p>\n<p data-raofz=\"15\">Os valores poder\u00e3o ser reajustados mediante proposta da Secretaria Municipal de Sa\u00fade e valida\u00e7\u00e3o do Conselho de Sa\u00fade, especialmente em casos de altera\u00e7\u00e3o da tabela nacional do SUS ou necessidade de ajuste para garantir equil\u00edbrio financeiro e viabilidade dos servi\u00e7os.<\/p>\n<p data-raofz=\"15\">A complementa\u00e7\u00e3o financeira ser\u00e1 custeada com recursos pr\u00f3prios do munic\u00edpio. A Tabela SUS-Niter\u00f3i poder\u00e1 ser revogada a qualquer momento, por decreto, em caso de interesse p\u00fablico.<\/p>\n<!-- AddThis Advanced Settings generic via filter on the_content --><!-- AddThis Share Buttons generic via filter on the_content -->","protected":false},"excerpt":{"rendered":"<p>J\u00e1 previsto para julho, projeto prev\u00ea parcerias com setor privado com recursos do munic\u00edpio O prefeito de Niter\u00f3i (RJ), Rodrigo Neves (PDT), sancionou nessa quarta-feira (25) a lei que cria o programa Fila Zero, que tem como objetivo eliminar a fila de espera por exames na rede p\u00fablica e reduzir o tempo de atendimento no&#8230;<!-- AddThis Advanced Settings generic via filter on wp_trim_excerpt --><!-- AddThis Share Buttons generic via filter on wp_trim_excerpt --><\/p>\n","protected":false},"author":17,"featured_media":84227,"comment_status":"closed","ping_status":"closed","sticky":false,"template":"","format":"standard","meta":{"_monsterinsights_skip_tracking":false,"_monsterinsights_sitenote_active":false,"_monsterinsights_sitenote_note":"","_monsterinsights_sitenote_category":0,"_uf_show_specific_survey":0,"_uf_disable_surveys":false,"footnotes":""},"categories":[1390,1402],"tags":[],"class_list":["post-84225","post","type-post","status-publish","format-standard","has-post-thumbnail","hentry","category-editorias","category-cidades"],"acf":[],"_links":{"self":[{"href":"https:\/\/pdt-rj.org.br\/index.php\/wp-json\/wp\/v2\/posts\/84225","targetHints":{"allow":["GET"]}}],"collection":[{"href":"https:\/\/pdt-rj.org.br\/index.php\/wp-json\/wp\/v2\/posts"}],"about":[{"href":"https:\/\/pdt-rj.org.br\/index.php\/wp-json\/wp\/v2\/types\/post"}],"author":[{"embeddable":true,"href":"https:\/\/pdt-rj.org.br\/index.php\/wp-json\/wp\/v2\/users\/17"}],"replies":[{"embeddable":true,"href":"https:\/\/pdt-rj.org.br\/index.php\/wp-json\/wp\/v2\/comments?post=84225"}],"version-history":[{"count":3,"href":"https:\/\/pdt-rj.org.br\/index.php\/wp-json\/wp\/v2\/posts\/84225\/revisions"}],"predecessor-version":[{"id":84239,"href":"https:\/\/pdt-rj.org.br\/index.php\/wp-json\/wp\/v2\/posts\/84225\/revisions\/84239"}],"wp:featuredmedia":[{"embeddable":true,"href":"https:\/\/pdt-rj.org.br\/index.php\/wp-json\/wp\/v2\/media\/84227"}],"wp:attachment":[{"href":"https:\/\/pdt-rj.org.br\/index.php\/wp-json\/wp\/v2\/media?parent=84225"}],"wp:term":[{"taxonomy":"category","embeddable":true,"href":"https:\/\/pdt-rj.org.br\/index.php\/wp-json\/wp\/v2\/categories?post=84225"},{"taxonomy":"post_tag","embeddable":true,"href":"https:\/\/pdt-rj.org.br\/index.php\/wp-json\/wp\/v2\/tags?post=84225"}],"curies":[{"name":"wp","href":"https:\/\/api.w.org\/{rel}","templated":true}]}}