{"id":84215,"date":"2025-06-26T15:48:11","date_gmt":"2025-06-26T18:48:11","guid":{"rendered":"https:\/\/pdt-rj.org.br\/?p=84215"},"modified":"2025-07-25T13:38:13","modified_gmt":"2025-07-25T16:38:13","slug":"ecotrabalhismo-discute-com-carlos-lupi-a-organizacao-e-o-planejamento-do-movimento","status":"publish","type":"post","link":"https:\/\/pdt-rj.org.br\/index.php\/ecotrabalhismo-discute-com-carlos-lupi-a-organizacao-e-o-planejamento-do-movimento\/","title":{"rendered":"Ecotrabalhismo discute com Carlos Lupi a organiza\u00e7\u00e3o e o planejamento do movimento"},"content":{"rendered":"<p><em><strong>Na reuni\u00e3o virtual, integrantes refor\u00e7am integra\u00e7\u00e3o para impulsionar o PDT nas elei\u00e7\u00f5es de 2026<\/strong><\/em><\/p>\n<p>A Executiva Nacional do Ecotrabalhismo promoveu, nesta ter\u00e7a-feira (24), uma reuni\u00e3o virtual com o presidente nacional do PDT, Carlos Lupi, para discutir a organiza\u00e7\u00e3o nos estados e o planejamento para impulsionar o partido nas elei\u00e7\u00f5es de 2026.<\/p>\n<p>Ao elogiar a estrutura\u00e7\u00e3o do movimento, que renovou a Comiss\u00e3o Provis\u00f3ria nacional recentemente, Lupi mencionou a import\u00e2ncia de impulsionar a atua\u00e7\u00e3o nas bases para garantir a renova\u00e7\u00e3o e a qualifica\u00e7\u00e3o dos quadros, que \u201cpoder\u00e3o compor as chapas pedetistas\u201d.<\/p>\n<p>Para isso, o presidente prop\u00f4s a constru\u00e7\u00e3o de um manifesto, com 12 pontos centrais vinculados \u00e0 tem\u00e1tica, para ser lan\u00e7ado durante a Confer\u00eancia das Na\u00e7\u00f5es Unidas sobre as Mudan\u00e7as Clim\u00e1ticas de 2025, tamb\u00e9m chamada de COP30, que ocorrer\u00e1 em novembro em Bel\u00e9m (PA). Segundo ele, o documento, com linguagem popular, nortear\u00e1 as candidaturas e os futuros mandatos.<\/p>\n<p>\u201cA pauta do Ecotrabalhismo \u00e9 muito forte e somos vanguarda. Precisamos fortalecer essa causa, que \u00e9 necess\u00e1ria, e consolidar a nossa atua\u00e7\u00e3o, inclusive no pleito nacional do ano que vem. Vamos unificar essa bandeira nacionalmente para replic\u00e1-la nos estados\u201d, afirmou Lupi, mencionando ainda o apoio da Funda\u00e7\u00e3o Leonel Brizola \u2013 Alberto Pasqualini (FLB-AP) no processo.<\/p>\n<p>A presidente nacional do movimento pedetista, Ivana Groff, valorizou a capacidade t\u00e9cnica e o engajamento dos quadros ao citar a destacada participa\u00e7\u00e3o nos principais eventos do setor.<\/p>\n<p>\u201cN\u00f3s estamos com uma atua\u00e7\u00e3o muito forte, principalmente nas confer\u00eancias nacionais. \u00c9 muito v\u00e1lido seguir promovendo debates, com nossos qualificados quadros, para consolidar propostas e lan\u00e7ar a Carta de Bel\u00e9m\u201d, disse.<\/p>\n<p>No in\u00edcio de maio, o Ecotrabalhismo participou da\u00a0<a href=\"https:\/\/pdt.org.br\/index.php\/pdt-faz-historia-com-o-ecotrabalhismo-na-5a-conferencia-nacional-do-meio-ambiente-em-brasilia\/\" data-wpel-link=\"internal\">5\u00aa Confer\u00eancia Nacional do Meio Ambiente,<\/a>\u00a0que foi realizada pelo Minist\u00e9rio do Meio Ambiente e Mudan\u00e7a do Clima em Bras\u00edlia (DF). Com debates sobre \u201cEmerg\u00eancia Clim\u00e1tica: o desafio da transforma\u00e7\u00e3o ecol\u00f3gica\u201d, os pedetistas aprovaram 14 temas estrat\u00e9gicos vinculados \u00e0s pol\u00edticas ambientais\u00a0do\u00a0Brasil.<\/p>\n<!-- AddThis Advanced Settings generic via filter on the_content --><!-- AddThis Share Buttons generic via filter on the_content -->","protected":false},"excerpt":{"rendered":"<p>Na reuni\u00e3o virtual, integrantes refor\u00e7am integra\u00e7\u00e3o para impulsionar o PDT nas elei\u00e7\u00f5es de 2026 A Executiva Nacional do Ecotrabalhismo promoveu, nesta ter\u00e7a-feira (24), uma reuni\u00e3o virtual com o presidente nacional do PDT, Carlos Lupi, para discutir a organiza\u00e7\u00e3o nos estados e o planejamento para impulsionar o partido nas elei\u00e7\u00f5es de 2026. Ao elogiar a estrutura\u00e7\u00e3o&#8230;<!-- AddThis Advanced Settings generic via filter on wp_trim_excerpt --><!-- AddThis Share Buttons generic via filter on wp_trim_excerpt --><\/p>\n","protected":false},"author":17,"featured_media":84219,"comment_status":"closed","ping_status":"closed","sticky":false,"template":"","format":"standard","meta":{"_monsterinsights_skip_tracking":false,"_monsterinsights_sitenote_active":false,"_monsterinsights_sitenote_note":"","_monsterinsights_sitenote_category":0,"_uf_show_specific_survey":0,"_uf_disable_surveys":false,"footnotes":""},"categories":[1390,1401],"tags":[],"class_list":["post-84215","post","type-post","status-publish","format-standard","has-post-thumbnail","hentry","category-editorias","category-nacional"],"acf":[],"_links":{"self":[{"href":"https:\/\/pdt-rj.org.br\/index.php\/wp-json\/wp\/v2\/posts\/84215","targetHints":{"allow":["GET"]}}],"collection":[{"href":"https:\/\/pdt-rj.org.br\/index.php\/wp-json\/wp\/v2\/posts"}],"about":[{"href":"https:\/\/pdt-rj.org.br\/index.php\/wp-json\/wp\/v2\/types\/post"}],"author":[{"embeddable":true,"href":"https:\/\/pdt-rj.org.br\/index.php\/wp-json\/wp\/v2\/users\/17"}],"replies":[{"embeddable":true,"href":"https:\/\/pdt-rj.org.br\/index.php\/wp-json\/wp\/v2\/comments?post=84215"}],"version-history":[{"count":1,"href":"https:\/\/pdt-rj.org.br\/index.php\/wp-json\/wp\/v2\/posts\/84215\/revisions"}],"predecessor-version":[{"id":84217,"href":"https:\/\/pdt-rj.org.br\/index.php\/wp-json\/wp\/v2\/posts\/84215\/revisions\/84217"}],"wp:featuredmedia":[{"embeddable":true,"href":"https:\/\/pdt-rj.org.br\/index.php\/wp-json\/wp\/v2\/media\/84219"}],"wp:attachment":[{"href":"https:\/\/pdt-rj.org.br\/index.php\/wp-json\/wp\/v2\/media?parent=84215"}],"wp:term":[{"taxonomy":"category","embeddable":true,"href":"https:\/\/pdt-rj.org.br\/index.php\/wp-json\/wp\/v2\/categories?post=84215"},{"taxonomy":"post_tag","embeddable":true,"href":"https:\/\/pdt-rj.org.br\/index.php\/wp-json\/wp\/v2\/tags?post=84215"}],"curies":[{"name":"wp","href":"https:\/\/api.w.org\/{rel}","templated":true}]}}